{"id":12835,"date":"2022-09-22T10:36:37","date_gmt":"2022-09-22T13:36:37","guid":{"rendered":"http:\/\/comunidadtextil.com\/wpnews\/?p=12835"},"modified":"2022-09-22T10:36:37","modified_gmt":"2022-09-22T13:36:37","slug":"la-union-europea-amenaza-a-las-empresas-y-alerta-por-si-hubiera-desabastecimiento","status":"publish","type":"post","link":"https:\/\/comunidadtextil.com\/wpnews\/2022\/09\/la-union-europea-amenaza-a-las-empresas-y-alerta-por-si-hubiera-desabastecimiento\/","title":{"rendered":"La Uni\u00f3n Europea amenaza a las empresas y alerta por si hubiera desabastecimiento"},"content":{"rendered":"<div id=\"attachment_12825\" style=\"width: 255px\" class=\"wp-caption alignright\"><a href=\"https:\/\/comunidadtextil.com\/wpnews\/wp-content\/uploads\/2022\/09\/Industria-confeccionista-de-Gran-Bretana-_4a.jpg\"><img loading=\"lazy\" decoding=\"async\" aria-describedby=\"caption-attachment-12825\" class=\" wp-image-12825\" src=\"https:\/\/comunidadtextil.com\/wpnews\/wp-content\/uploads\/2022\/09\/Industria-confeccionista-de-Gran-Bretana-_4a-300x214.jpg\" alt=\"\" width=\"245\" height=\"175\" srcset=\"https:\/\/comunidadtextil.com\/wpnews\/wp-content\/uploads\/2022\/09\/Industria-confeccionista-de-Gran-Bretana-_4a-300x214.jpg 300w, https:\/\/comunidadtextil.com\/wpnews\/wp-content\/uploads\/2022\/09\/Industria-confeccionista-de-Gran-Bretana-_4a-1024x731.jpg 1024w, https:\/\/comunidadtextil.com\/wpnews\/wp-content\/uploads\/2022\/09\/Industria-confeccionista-de-Gran-Bretana-_4a-768x549.jpg 768w, https:\/\/comunidadtextil.com\/wpnews\/wp-content\/uploads\/2022\/09\/Industria-confeccionista-de-Gran-Bretana-_4a-150x107.jpg 150w, https:\/\/comunidadtextil.com\/wpnews\/wp-content\/uploads\/2022\/09\/Industria-confeccionista-de-Gran-Bretana-_4a.jpg 1400w\" sizes=\"auto, (max-width: 245px) 100vw, 245px\" \/><\/a><p id=\"caption-attachment-12825\" class=\"wp-caption-text\">Industria confeccionista de Gran Breta\u00f1a.<\/p><\/div>\n<p>Temiendo que la crisis provoque un escenario de \u00abemergencia\u00bb, la Comisi\u00f3n Europea busca tener poderes especiales para, por ejemplo, exigir al sector privado prioridades en la producci\u00f3n de bienes. Bruselas quiere un in\u00e9dito paraguas legal para poder intervenir en la econom\u00eda en caso de que la crisis escale a un escenario de emergencia.<\/p>\n<p>La Comisi\u00f3n Europea aprob\u00f3 en las \u00faltimas horas una propuesta de reglamento para, por ejemplo, terciar en la producci\u00f3n de bienes si se rompen las principales cadenas de suministros. El Ejecutivo comunitario teme que el crack energ\u00e9tico ponga en riesgo la columna vertebral del mercado \u00fanico. Preocupa, y mucho, que durante el invierno se produzcan \u00abinterrupciones imprevistas\u00bb y que, como pas\u00f3 con la pandemia, las reacciones sean an\u00e1rquicas y descoordinadas.<\/p>\n<div id=\"attachment_12823\" style=\"width: 253px\" class=\"wp-caption alignleft\"><a href=\"https:\/\/comunidadtextil.com\/wpnews\/wp-content\/uploads\/2022\/09\/Ursula-von-der-Leyen-presidenta-de-la-Comision-Europea.-_3-.jpg\"><img loading=\"lazy\" decoding=\"async\" aria-describedby=\"caption-attachment-12823\" class=\" wp-image-12823\" src=\"https:\/\/comunidadtextil.com\/wpnews\/wp-content\/uploads\/2022\/09\/Ursula-von-der-Leyen-presidenta-de-la-Comision-Europea.-_3--300x180.jpg\" alt=\"\" width=\"243\" height=\"146\" srcset=\"https:\/\/comunidadtextil.com\/wpnews\/wp-content\/uploads\/2022\/09\/Ursula-von-der-Leyen-presidenta-de-la-Comision-Europea.-_3--300x180.jpg 300w, https:\/\/comunidadtextil.com\/wpnews\/wp-content\/uploads\/2022\/09\/Ursula-von-der-Leyen-presidenta-de-la-Comision-Europea.-_3--768x461.jpg 768w, https:\/\/comunidadtextil.com\/wpnews\/wp-content\/uploads\/2022\/09\/Ursula-von-der-Leyen-presidenta-de-la-Comision-Europea.-_3--150x90.jpg 150w, https:\/\/comunidadtextil.com\/wpnews\/wp-content\/uploads\/2022\/09\/Ursula-von-der-Leyen-presidenta-de-la-Comision-Europea.-_3-.jpg 1000w\" sizes=\"auto, (max-width: 243px) 100vw, 243px\" \/><\/a><p id=\"caption-attachment-12823\" class=\"wp-caption-text\">Ursula von der Leyen, presidenta de la Comisi\u00f3n Europea.<\/p><\/div>\n<p>El organismo que preside Ursula Von der Leyen propone, por lo tanto, un nuevo \u00abmarco de gobernanza de crisis\u00bb (llamado Instrumento de Emergencia del Mercado \u00danico) para preservar la disponibilidad de bienes y servicios esenciales en caso de una emergencia.<\/p>\n<p>El texto -que deber\u00e1 ser revalidado por el Parlamento y el Consejo de la UE- reconoce que determinadas crisis pueden \u00abamplificar la escasez de bienes y servicios relevantes si mercado \u00fanico est\u00e1 fragmentado y no funciona\u00bb.<\/p>\n<p>Bruselas traza, en su propuesta, un hipot\u00e9tico escenario de emergencia: el punteo incluye la interrupci\u00f3n de las cadenas de suministros, las dificultades de las empresas para \u00abobtener, suministrar o vender bienes y servicios\u00bb y la imposibilidad de los consumidores de acceder a bienes esenciales.<\/p>\n<div id=\"attachment_12822\" style=\"width: 256px\" class=\"wp-caption alignright\"><a href=\"https:\/\/comunidadtextil.com\/wpnews\/wp-content\/uploads\/2022\/09\/Industria-de-confecciones_8.jpg\"><img loading=\"lazy\" decoding=\"async\" aria-describedby=\"caption-attachment-12822\" class=\" wp-image-12822\" src=\"https:\/\/comunidadtextil.com\/wpnews\/wp-content\/uploads\/2022\/09\/Industria-de-confecciones_8-300x200.jpg\" alt=\"\" width=\"246\" height=\"164\" srcset=\"https:\/\/comunidadtextil.com\/wpnews\/wp-content\/uploads\/2022\/09\/Industria-de-confecciones_8-300x200.jpg 300w, https:\/\/comunidadtextil.com\/wpnews\/wp-content\/uploads\/2022\/09\/Industria-de-confecciones_8-768x512.jpg 768w, https:\/\/comunidadtextil.com\/wpnews\/wp-content\/uploads\/2022\/09\/Industria-de-confecciones_8-150x100.jpg 150w, https:\/\/comunidadtextil.com\/wpnews\/wp-content\/uploads\/2022\/09\/Industria-de-confecciones_8.jpg 960w\" sizes=\"auto, (max-width: 246px) 100vw, 246px\" \/><\/a><p id=\"caption-attachment-12822\" class=\"wp-caption-text\">Industria de confecciones.<\/p><\/div>\n<p>La \u00abcaja de herramientas\u00bb con la que se quiere dotar la UE habilita medidas excepcionales para una etapa de \u00abvigilancia\u00bb y de \u00abemergencia\u00bb. En la primera, los Estados miembros deben realizar un exhaustivo \u00abseguimiento de las cadenas de suministros de los bienes y los servicios que se consideren de importancia estrat\u00e9gica\u00bb.<\/p>\n<p>Si la crisis se agudizase, el Consejo de la UE podr\u00eda activar la siguiente fase, la de emergencia, con la arbitrariedad de \u00abtomar medidas para abordar cualquier escasez identificada y salvaguardar la disponibilidad de bienes y servicios cr\u00edticos para la crisis en toda la eurozona\u00bb. Un indicador para activar el \u00abmodo emergencia\u00bb es que las empresas no sean capaces \u00abde dar una soluci\u00f3n en un plazo razonable a los aspectos particulares de la crisis de forma voluntaria\u00bb. En este punto, Bruselas tendr\u00eda las facultades para, b\u00e1sicamente, intervenir la econom\u00eda.<\/p>\n<p>En su propuesta, la UE admite que muchas de estas medidas pueden afectar a la \u00ablibertad de empresa\u00bb, pero clara que todas las disposiciones y restricciones se han dise\u00f1ado cuidadosamente desde lo legal y se equilibran con los intereses vitales de la sociedad<\/p>\n<p>\u00abLa Comisi\u00f3n podr\u00e1 invitar a uno o m\u00e1s operadores econ\u00f3micos en cadenas de suministro relevantes para situaciones de crisis establecidas en la Uni\u00f3n a aceptar y priorizar determinados pedidos para la producci\u00f3n o el suministro de bienes relevantes para situaciones de crisis\u00bb, reza la propuesta.<\/p>\n<p>Si una empresa se niega, la Comisi\u00f3n le exigir\u00e1 sus razones y argumentos (la producci\u00f3n insuficiente, por ejemplo). De no estar el rechazo debidamente justificado, cabr\u00eda la posibilidad de una multa de hasta 200 mil euros.<\/p>\n<p>El Ejecutivo comunitario explica que el \u00abmodo de emergencia podr\u00e1 activarse sin que previamente se haya activado el modo de vigilancia\u00bb.<br \/>\n&#8212;&#8212;&#8212;&#8212;&#8212;&#8212;&#8212;&#8212;&#8212;&#8212;&#8212;&#8212;&#8212;&#8212;&#8212;&#8212;<br \/>\nExpansi\u00f3n \/ Comunidad Textil<\/p>\n<p>\u2014\u2014\u2014\u2014\u2014\u2014\u2014\u2014\u2014\u2014\u2014\u2014\u2014\u2014\u2014\u2014\u2014\u2014\u2014\u2014\u2014\u2014\u2014\u2014\u2014\u2014\u2014\u2014\u2014\u2014\u2014\u2014\u2014\u2014\u2014\u2014\u2014\u2014\u2014<\/p>\n<p dir=\"ltr\">Para comunicarse con ComunidadTextil: <span style=\"color: #3366ff;\"><a style=\"color: #3366ff;\" href=\"mailto:contacto@comunidadtextil.com\">contacto@comunidadtextil.com<\/a><\/span><\/p>\n<table border=\"0\" width=\"460\">\n<tbody>\n<tr>\n<td width=\"300\"><a href=\"http:\/\/www.tintoreanatur.com\" target=\"_blank\" rel=\"noopener\"><img loading=\"lazy\" decoding=\"async\" src=\"\/publicidad\/tintoreanatur-banner-300x200_2021.jpg\" alt=\"\" width=\"301\" height=\"201\" \/><\/a><\/td>\n<td width=\"171\"><a href=\"http:\/\/bit.ly\/2qnuvSs\" target=\"_blank\" rel=\"noopener\"><img loading=\"lazy\" decoding=\"async\" src=\"\/publicidad\/crecer-banner-julio17.gif\" alt=\"\" width=\"300\" height=\"200\" border=\"0\" \/><\/a><\/td>\n<\/tr>\n<\/tbody>\n<\/table>\n","protected":false},"excerpt":{"rendered":"<p>Temiendo que la crisis provoque un escenario de \u00abemergencia\u00bb, la Comisi\u00f3n Europea busca tener poderes especiales para, por ejemplo, exigir al sector privado prioridades en la producci\u00f3n de bienes. Bruselas quiere un in\u00e9dito paraguas legal para poder intervenir en la econom\u00eda en caso de que la crisis escale a un escenario de emergencia. La Comisi\u00f3n [&hellip;]<\/p>\n","protected":false},"author":1924,"featured_media":0,"comment_status":"closed","ping_status":"closed","sticky":false,"template":"","format":"standard","meta":{"footnotes":""},"categories":[70,62],"tags":[],"class_list":["post-12835","post","type-post","status-publish","format-standard","hentry","category-crisis","category-noticias-de-europa","count-0","even alt","author-adminct","last"],"_links":{"self":[{"href":"https:\/\/comunidadtextil.com\/wpnews\/wp-json\/wp\/v2\/posts\/12835","targetHints":{"allow":["GET"]}}],"collection":[{"href":"https:\/\/comunidadtextil.com\/wpnews\/wp-json\/wp\/v2\/posts"}],"about":[{"href":"https:\/\/comunidadtextil.com\/wpnews\/wp-json\/wp\/v2\/types\/post"}],"author":[{"embeddable":true,"href":"https:\/\/comunidadtextil.com\/wpnews\/wp-json\/wp\/v2\/users\/1924"}],"replies":[{"embeddable":true,"href":"https:\/\/comunidadtextil.com\/wpnews\/wp-json\/wp\/v2\/comments?post=12835"}],"version-history":[{"count":2,"href":"https:\/\/comunidadtextil.com\/wpnews\/wp-json\/wp\/v2\/posts\/12835\/revisions"}],"predecessor-version":[{"id":12837,"href":"https:\/\/comunidadtextil.com\/wpnews\/wp-json\/wp\/v2\/posts\/12835\/revisions\/12837"}],"wp:attachment":[{"href":"https:\/\/comunidadtextil.com\/wpnews\/wp-json\/wp\/v2\/media?parent=12835"}],"wp:term":[{"taxonomy":"category","embeddable":true,"href":"https:\/\/comunidadtextil.com\/wpnews\/wp-json\/wp\/v2\/categories?post=12835"},{"taxonomy":"post_tag","embeddable":true,"href":"https:\/\/comunidadtextil.com\/wpnews\/wp-json\/wp\/v2\/tags?post=12835"}],"curies":[{"name":"wp","href":"https:\/\/api.w.org\/{rel}","templated":true}]}}