{"id":12588,"date":"2022-08-25T10:07:17","date_gmt":"2022-08-25T13:07:17","guid":{"rendered":"http:\/\/comunidadtextil.com\/wpnews\/?p=12588"},"modified":"2022-08-25T10:07:17","modified_gmt":"2022-08-25T13:07:17","slug":"los-textiles-de-europa-exigen-igualdad-de-condiciones-en-el-tlc-entre-india-y-la-u-e","status":"publish","type":"post","link":"https:\/\/comunidadtextil.com\/wpnews\/2022\/08\/los-textiles-de-europa-exigen-igualdad-de-condiciones-en-el-tlc-entre-india-y-la-u-e\/","title":{"rendered":"Los textiles de Europa exigen igualdad de condiciones en el TLC entre India y la U.E."},"content":{"rendered":"<p><a href=\"https:\/\/comunidadtextil.com\/wpnews\/wp-content\/uploads\/2022\/08\/Logo-EURATEX.jpg\"><img loading=\"lazy\" decoding=\"async\" class=\"wp-image-12573  alignright\" src=\"https:\/\/comunidadtextil.com\/wpnews\/wp-content\/uploads\/2022\/08\/Logo-EURATEX-e1661432566900-300x126.jpg\" alt=\"\" width=\"218\" height=\"94\" \/><\/a>Euratex, representante de los fabricantes europeos de textiles y de confecci\u00f3n, exigi\u00f3 a la Uni\u00f3n Europea que el Tratado de Libre Comercio (TLC) con India tenga controles para garantizar la igualdad de condiciones en el intercambio comercial de ambos mercados.<\/p>\n<div id=\"attachment_12575\" style=\"width: 253px\" class=\"wp-caption alignleft\"><a href=\"https:\/\/comunidadtextil.com\/wpnews\/wp-content\/uploads\/2022\/08\/Industria-confeccionista-de-Gran-Bretana-_-.jpg\"><img loading=\"lazy\" decoding=\"async\" aria-describedby=\"caption-attachment-12575\" class=\" wp-image-12575\" src=\"https:\/\/comunidadtextil.com\/wpnews\/wp-content\/uploads\/2022\/08\/Industria-confeccionista-de-Gran-Bretana-_--300x148.jpg\" alt=\"\" width=\"243\" height=\"120\" srcset=\"https:\/\/comunidadtextil.com\/wpnews\/wp-content\/uploads\/2022\/08\/Industria-confeccionista-de-Gran-Bretana-_--300x148.jpg 300w, https:\/\/comunidadtextil.com\/wpnews\/wp-content\/uploads\/2022\/08\/Industria-confeccionista-de-Gran-Bretana-_--150x74.jpg 150w, https:\/\/comunidadtextil.com\/wpnews\/wp-content\/uploads\/2022\/08\/Industria-confeccionista-de-Gran-Bretana-_-.jpg 650w\" sizes=\"auto, (max-width: 243px) 100vw, 243px\" \/><\/a><p id=\"caption-attachment-12575\" class=\"wp-caption-text\">Industria confeccionista de Gran Breta\u00f1a.<\/p><\/div>\n<p>Entre las condiciones que solicita Euratex destaca que los productores europeos tengan el mismo nivel de acceso al mercado indio en t\u00e9rminos de barreras arancelarias y no arancelarias. Actualmente, India se ve beneficiada con derechos de aduana reducidos mientras que a las empresas europeas se les impone barreras no arancelarias que desequilibran la relaci\u00f3n entre ambos.<\/p>\n<p>La organizaci\u00f3n empresaria sostiene que la igualdad de condiciones tambi\u00e9n debe darse en el terreno de la sostenibilidad. La Uni\u00f3n Europea exige a los productores determinado est\u00e1ndar sostenible en la producci\u00f3n y los fabricantes europeos quieren que esos requisitos se apliquen igualmente a las empresas indias.<\/p>\n<p><a href=\"https:\/\/comunidadtextil.com\/wpnews\/wp-content\/uploads\/2022\/08\/Euratex-.jpg\"><img loading=\"lazy\" decoding=\"async\" class=\" wp-image-12576 alignright\" src=\"https:\/\/comunidadtextil.com\/wpnews\/wp-content\/uploads\/2022\/08\/Euratex--300x211.jpg\" alt=\"\" width=\"240\" height=\"170\" srcset=\"https:\/\/comunidadtextil.com\/wpnews\/wp-content\/uploads\/2022\/08\/Euratex--300x211.jpg 300w, https:\/\/comunidadtextil.com\/wpnews\/wp-content\/uploads\/2022\/08\/Euratex--150x105.jpg 150w\" sizes=\"auto, (max-width: 240px) 100vw, 240px\" \/><\/a>Dirk Vantyghem, director general de Euratex, afirm\u00f3 al respecto que \u201cesperamos estas negociaciones con gran inter\u00e9s. El futuro tratado es una oportunidad para desarrollar una ambici\u00f3n compartida entre la industria europea y la india para hacer del textil sostenible la norma. Tambi\u00e9n debe crear un marco normativo en el que nuestras empresas puedan competir en un entorno libre y justo\u201d.<\/p>\n<p>Las exigencias de Euratex apuntan a balancear el desequilibrio que existe entre ambos bloques. El a\u00f1o pasado, Europa import\u00f3 de India \u20ac 6.000 millones mientras que las exportaciones europeas a ese pa\u00eds apenas s\u00f3lo alcanzaron los \u20ac 500 millones.<br \/>\n&#8212;&#8212;&#8212;&#8212;&#8212;&#8212;&#8212;&#8212;&#8212;&#8212;&#8212;&#8212;&#8212;&#8212;&#8212;&#8212;-<br \/>\nPinker Moda \/ Comunidad Textil<\/p>\n<p>\u2014\u2014\u2014\u2014\u2014\u2014\u2014\u2014\u2014\u2014\u2014\u2014\u2014\u2014\u2014\u2014\u2014\u2014\u2014\u2014\u2014\u2014\u2014\u2014\u2014\u2014\u2014\u2014\u2014\u2014\u2014\u2014\u2014\u2014\u2014\u2014\u2014\u2014\u2014<\/p>\n<p dir=\"ltr\">Para comunicarse con ComunidadTextil: <span style=\"color: #3366ff;\"><a style=\"color: #3366ff;\" href=\"mailto:contacto@comunidadtextil.com\">contacto@comunidadtextil.com<\/a><\/span><\/p>\n<table border=\"0\" width=\"460\">\n<tbody>\n<tr>\n<td width=\"300\"><a href=\"https:\/\/epson.com.ar\/Para-el-trabajo\/Impresoras\/Gran-Formato\/c\/w140?q=%3Aname-asc%3AdiscontinuedFlag%3Afalse%3APro+Imaging+Facets%2CProfessional+Printer+Series%3ASureColor+F%7E102Series&amp;text=#scrollTgt_onRefresh\" target=\"_blank\" rel=\"noopener\"><img loading=\"lazy\" decoding=\"async\" src=\"\/publicidad\/epson\/2022\/banner03a-300x200.gif\" alt=\"\" width=\"300\" height=\"200\" border=\"0\" \/><\/a><\/td>\n<td width=\"171\"><a href=\"http:\/\/bit.ly\/2qWIP7i\" target=\"_blank\" rel=\"noopener\"><img loading=\"lazy\" decoding=\"async\" src=\"\/publicidad\/banner-ciai.gif\" alt=\"\" width=\"300\" height=\"153\" border=\"0\" \/><\/a><\/td>\n<\/tr>\n<\/tbody>\n<\/table>\n","protected":false},"excerpt":{"rendered":"<p>Euratex, representante de los fabricantes europeos de textiles y de confecci\u00f3n, exigi\u00f3 a la Uni\u00f3n Europea que el Tratado de Libre Comercio (TLC) con India tenga controles para garantizar la igualdad de condiciones en el intercambio comercial de ambos mercados. Entre las condiciones que solicita Euratex destaca que los productores europeos tengan el mismo nivel [&hellip;]<\/p>\n","protected":false},"author":1924,"featured_media":0,"comment_status":"closed","ping_status":"closed","sticky":false,"template":"","format":"standard","meta":{"footnotes":""},"categories":[43,60,62],"tags":[],"class_list":["post-12588","post","type-post","status-publish","format-standard","hentry","category-industria","category-noticias-de-asia","category-noticias-de-europa","count-0","even alt","author-adminct","last"],"_links":{"self":[{"href":"https:\/\/comunidadtextil.com\/wpnews\/wp-json\/wp\/v2\/posts\/12588","targetHints":{"allow":["GET"]}}],"collection":[{"href":"https:\/\/comunidadtextil.com\/wpnews\/wp-json\/wp\/v2\/posts"}],"about":[{"href":"https:\/\/comunidadtextil.com\/wpnews\/wp-json\/wp\/v2\/types\/post"}],"author":[{"embeddable":true,"href":"https:\/\/comunidadtextil.com\/wpnews\/wp-json\/wp\/v2\/users\/1924"}],"replies":[{"embeddable":true,"href":"https:\/\/comunidadtextil.com\/wpnews\/wp-json\/wp\/v2\/comments?post=12588"}],"version-history":[{"count":3,"href":"https:\/\/comunidadtextil.com\/wpnews\/wp-json\/wp\/v2\/posts\/12588\/revisions"}],"predecessor-version":[{"id":12591,"href":"https:\/\/comunidadtextil.com\/wpnews\/wp-json\/wp\/v2\/posts\/12588\/revisions\/12591"}],"wp:attachment":[{"href":"https:\/\/comunidadtextil.com\/wpnews\/wp-json\/wp\/v2\/media?parent=12588"}],"wp:term":[{"taxonomy":"category","embeddable":true,"href":"https:\/\/comunidadtextil.com\/wpnews\/wp-json\/wp\/v2\/categories?post=12588"},{"taxonomy":"post_tag","embeddable":true,"href":"https:\/\/comunidadtextil.com\/wpnews\/wp-json\/wp\/v2\/tags?post=12588"}],"curies":[{"name":"wp","href":"https:\/\/api.w.org\/{rel}","templated":true}]}}