{"id":12433,"date":"2022-07-29T10:41:55","date_gmt":"2022-07-29T13:41:55","guid":{"rendered":"http:\/\/comunidadtextil.com\/wpnews\/?p=12433"},"modified":"2022-07-29T10:41:55","modified_gmt":"2022-07-29T13:41:55","slug":"la-inflacion-mundial-se-hace-sentir-en-la-industria-textil-de-turquia-aumento-un-121","status":"publish","type":"post","link":"https:\/\/comunidadtextil.com\/wpnews\/2022\/07\/la-inflacion-mundial-se-hace-sentir-en-la-industria-textil-de-turquia-aumento-un-121\/","title":{"rendered":"La inflaci\u00f3n mundial se hace sentir en la industria textil de Turqu\u00eda: aument\u00f3 un 121%"},"content":{"rendered":"<div id=\"attachment_12397\" style=\"width: 259px\" class=\"wp-caption alignright\"><a href=\"https:\/\/comunidadtextil.com\/wpnews\/wp-content\/uploads\/2022\/07\/Turquia.-Industria-confeccionista-_13-.jpg\"><img loading=\"lazy\" decoding=\"async\" aria-describedby=\"caption-attachment-12397\" class=\"wp-image-12397 \" src=\"https:\/\/comunidadtextil.com\/wpnews\/wp-content\/uploads\/2022\/07\/Turquia.-Industria-confeccionista-_13--300x199.jpg\" alt=\"\" width=\"249\" height=\"165\" srcset=\"https:\/\/comunidadtextil.com\/wpnews\/wp-content\/uploads\/2022\/07\/Turquia.-Industria-confeccionista-_13--300x199.jpg 300w, https:\/\/comunidadtextil.com\/wpnews\/wp-content\/uploads\/2022\/07\/Turquia.-Industria-confeccionista-_13--1024x681.jpg 1024w, https:\/\/comunidadtextil.com\/wpnews\/wp-content\/uploads\/2022\/07\/Turquia.-Industria-confeccionista-_13--768x510.jpg 768w, https:\/\/comunidadtextil.com\/wpnews\/wp-content\/uploads\/2022\/07\/Turquia.-Industria-confeccionista-_13--150x100.jpg 150w, https:\/\/comunidadtextil.com\/wpnews\/wp-content\/uploads\/2022\/07\/Turquia.-Industria-confeccionista-_13-.jpg 1130w\" sizes=\"auto, (max-width: 249px) 100vw, 249px\" \/><\/a><p id=\"caption-attachment-12397\" class=\"wp-caption-text\">Industria confeccionista en Turqu\u00eda.<\/p><\/div>\n<p>Una de las secuelas que dej\u00f3 la crisis del Covid fue la inflaci\u00f3n. Pa\u00edses hist\u00f3ricamente estables como Alemania, Reino Unido o Estados Unidos tienen actualmente un aumento de precios cercano al 10% interanual. Turqu\u00eda llev\u00f3 esa cifra al 70% pero en el caso espec\u00edfico de la industria textil, la inflaci\u00f3n tuvo una suba interanual en junio del 121.4% seg\u00fan inform\u00f3 la oficina estad\u00edstica del pa\u00eds, TurkStat.<\/p>\n<p>El pa\u00eds viene atravesando un proceso inflacionario en el rubro textil que se dispar\u00f3 en enero cuando registr\u00f3 un aumento interanual del 102.9%. Desde esa fecha, el \u00edndice de precios de la industria textil no ha parado de subir. Esto impacta negativamente en el nuevo rol que viene ocupando Turqu\u00eda en el comercio mundial.<\/p>\n<p><a href=\"https:\/\/comunidadtextil.com\/wpnews\/wp-content\/uploads\/2022\/07\/Turquia.-Industria-textil-_1-.jpg\"><img loading=\"lazy\" decoding=\"async\" class=\"alignleft wp-image-12398\" src=\"https:\/\/comunidadtextil.com\/wpnews\/wp-content\/uploads\/2022\/07\/Turquia.-Industria-textil-_1--300x116.jpg\" alt=\"\" width=\"248\" height=\"99\" \/><\/a>Con el cierre de las f\u00e1bricas en Asia y las dificultades para el transporte internacional de mercader\u00edas, Turqu\u00eda se posicion\u00f3, por su ubicaci\u00f3n estrat\u00e9gica y su capacidad de producci\u00f3n, en uno de los nuevos proveedores de peso en el mercado mundial. Este empuje, producto de la coyuntura, podr\u00eda desacelerarse por la p\u00e9rdida de competitividad debido al aumento de precios, afirman voceros de la industria.<\/p>\n<p>Si bien la inflaci\u00f3n afecta a otros polos de producci\u00f3n textil como Portugal o Marruecos, estos pa\u00edses tuvieron menores aumentos de precios. En el caso de Portugal, el \u00edndice de precios de la industria textil subi\u00f3 un 12% en abril y Marruecos tuvo una inflaci\u00f3n en el sector del 0.1% en el \u00faltimo trimestre.<br \/>\n&#8212;&#8212;&#8212;&#8212;&#8212;&#8212;&#8212;&#8212;&#8212;&#8212;&#8212;<br \/>\nComunidad Textil<\/p>\n<p>\u2014\u2014\u2014\u2014\u2014\u2014\u2014\u2014\u2014\u2014\u2014\u2014\u2014\u2014\u2014\u2014\u2014\u2014\u2014\u2014\u2014\u2014\u2014\u2014\u2014\u2014\u2014\u2014\u2014\u2014\u2014\u2014\u2014\u2014\u2014\u2014\u2014\u2014\u2014<\/p>\n<p dir=\"ltr\">Para comunicarse con ComunidadTextil: <span style=\"color: #3366ff;\"><a style=\"color: #3366ff;\" href=\"mailto:contacto@comunidadtextil.com\">contacto@comunidadtextil.com<\/a><\/span><\/p>\n<table border=\"0\" width=\"460\">\n<tbody>\n<tr>\n<td width=\"300\"><a href=\"http:\/\/www.tintoreanatur.com\" target=\"_blank\" rel=\"noopener\"><img loading=\"lazy\" decoding=\"async\" src=\"\/publicidad\/tintoreanatur-banner-300x200_2021.jpg\" alt=\"\" width=\"301\" height=\"201\" \/><\/a><\/td>\n<td width=\"171\"><a href=\"http:\/\/bit.ly\/2qnuvSs\" target=\"_blank\" rel=\"noopener\"><img loading=\"lazy\" decoding=\"async\" src=\"\/publicidad\/crecer-banner-julio17.gif\" alt=\"\" width=\"300\" height=\"200\" border=\"0\" \/><\/a><\/td>\n<\/tr>\n<\/tbody>\n<\/table>\n","protected":false},"excerpt":{"rendered":"<p>Una de las secuelas que dej\u00f3 la crisis del Covid fue la inflaci\u00f3n. Pa\u00edses hist\u00f3ricamente estables como Alemania, Reino Unido o Estados Unidos tienen actualmente un aumento de precios cercano al 10% interanual. Turqu\u00eda llev\u00f3 esa cifra al 70% pero en el caso espec\u00edfico de la industria textil, la inflaci\u00f3n tuvo una suba interanual en [&hellip;]<\/p>\n","protected":false},"author":1924,"featured_media":0,"comment_status":"closed","ping_status":"closed","sticky":false,"template":"","format":"standard","meta":{"footnotes":""},"categories":[43,60],"tags":[],"class_list":["post-12433","post","type-post","status-publish","format-standard","hentry","category-industria","category-noticias-de-asia","count-0","even alt","author-adminct","last"],"_links":{"self":[{"href":"https:\/\/comunidadtextil.com\/wpnews\/wp-json\/wp\/v2\/posts\/12433","targetHints":{"allow":["GET"]}}],"collection":[{"href":"https:\/\/comunidadtextil.com\/wpnews\/wp-json\/wp\/v2\/posts"}],"about":[{"href":"https:\/\/comunidadtextil.com\/wpnews\/wp-json\/wp\/v2\/types\/post"}],"author":[{"embeddable":true,"href":"https:\/\/comunidadtextil.com\/wpnews\/wp-json\/wp\/v2\/users\/1924"}],"replies":[{"embeddable":true,"href":"https:\/\/comunidadtextil.com\/wpnews\/wp-json\/wp\/v2\/comments?post=12433"}],"version-history":[{"count":2,"href":"https:\/\/comunidadtextil.com\/wpnews\/wp-json\/wp\/v2\/posts\/12433\/revisions"}],"predecessor-version":[{"id":12435,"href":"https:\/\/comunidadtextil.com\/wpnews\/wp-json\/wp\/v2\/posts\/12433\/revisions\/12435"}],"wp:attachment":[{"href":"https:\/\/comunidadtextil.com\/wpnews\/wp-json\/wp\/v2\/media?parent=12433"}],"wp:term":[{"taxonomy":"category","embeddable":true,"href":"https:\/\/comunidadtextil.com\/wpnews\/wp-json\/wp\/v2\/categories?post=12433"},{"taxonomy":"post_tag","embeddable":true,"href":"https:\/\/comunidadtextil.com\/wpnews\/wp-json\/wp\/v2\/tags?post=12433"}],"curies":[{"name":"wp","href":"https:\/\/api.w.org\/{rel}","templated":true}]}}