{"id":12186,"date":"2022-06-23T10:47:04","date_gmt":"2022-06-23T13:47:04","guid":{"rendered":"http:\/\/comunidadtextil.com\/wpnews\/?p=12186"},"modified":"2022-06-23T10:47:04","modified_gmt":"2022-06-23T13:47:04","slug":"el-ceo-de-levis-reclamo-un-cambio-en-el-tema-de-la-libre-portacion-de-armas-en-ee-uu","status":"publish","type":"post","link":"https:\/\/comunidadtextil.com\/wpnews\/2022\/06\/el-ceo-de-levis-reclamo-un-cambio-en-el-tema-de-la-libre-portacion-de-armas-en-ee-uu\/","title":{"rendered":"El CEO de Levi\u00b4s reclam\u00f3 un cambio en el tema de la libre portaci\u00f3n de armas en EE.UU."},"content":{"rendered":"<div id=\"attachment_12183\" style=\"width: 147px\" class=\"wp-caption alignleft\"><a href=\"https:\/\/comunidadtextil.com\/wpnews\/wp-content\/uploads\/2022\/06\/Chip-Bergh-CEO-de-Levis.jpg\"><img loading=\"lazy\" decoding=\"async\" aria-describedby=\"caption-attachment-12183\" class=\" wp-image-12183\" src=\"https:\/\/comunidadtextil.com\/wpnews\/wp-content\/uploads\/2022\/06\/Chip-Bergh-CEO-de-Levis-229x300.jpg\" alt=\"\" width=\"137\" height=\"179\" srcset=\"https:\/\/comunidadtextil.com\/wpnews\/wp-content\/uploads\/2022\/06\/Chip-Bergh-CEO-de-Levis-229x300.jpg 229w, https:\/\/comunidadtextil.com\/wpnews\/wp-content\/uploads\/2022\/06\/Chip-Bergh-CEO-de-Levis-783x1024.jpg 783w, https:\/\/comunidadtextil.com\/wpnews\/wp-content\/uploads\/2022\/06\/Chip-Bergh-CEO-de-Levis-768x1005.jpg 768w, https:\/\/comunidadtextil.com\/wpnews\/wp-content\/uploads\/2022\/06\/Chip-Bergh-CEO-de-Levis-115x150.jpg 115w, https:\/\/comunidadtextil.com\/wpnews\/wp-content\/uploads\/2022\/06\/Chip-Bergh-CEO-de-Levis.jpg 1070w\" sizes=\"auto, (max-width: 137px) 100vw, 137px\" \/><\/a><p id=\"caption-attachment-12183\" class=\"wp-caption-text\">Chip Bergh, CEO de Levi&#8217;s.<\/p><\/div>\n<p>Luego de la masacre sucedida el mes pasado en Texas en la que un joven asesin\u00f3 con un arma de fuego a 19 estudiantes y dos maestros, Chip Bergh, CEO de Levi\u00b4s, junto a 200 directores ejecutivos de grandes compa\u00f1\u00eda pidieron al Senado de EEUU que tome acci\u00f3n inmediata sobre la legislaci\u00f3n que permite la libre compra y portaci\u00f3n de armas.<\/p>\n<p>Durante el evento \u00abRetailing From the Outside In\u00bb que re\u00fane a los directivos de las grandes almacenes, el ejecutivo dej\u00f3 muy clara su postura con respecto a la tenencia de armas de fuego: \u201cNo se trata de derogar la Segunda Enmienda, se trata de poner la ley del sentido com\u00fan en su lugar. Lo que est\u00e1 sucediendo est\u00e1 destrozando a este pa\u00eds\u201d afirm\u00f3 el alto ejecutivo.<\/p>\n<div id=\"attachment_12184\" style=\"width: 249px\" class=\"wp-caption alignright\"><a href=\"https:\/\/comunidadtextil.com\/wpnews\/wp-content\/uploads\/2022\/06\/El-CEO-de-Levis-reclamo-al-ambito-empresario-que-se-proclamen-contra-la-libre-tenencia-y-portacion-de-armas-de-guerra-en-EE.UU_2.jpg\"><img loading=\"lazy\" decoding=\"async\" aria-describedby=\"caption-attachment-12184\" class=\" wp-image-12184\" src=\"https:\/\/comunidadtextil.com\/wpnews\/wp-content\/uploads\/2022\/06\/El-CEO-de-Levis-reclamo-al-ambito-empresario-que-se-proclamen-contra-la-libre-tenencia-y-portacion-de-armas-de-guerra-en-EE.UU_2-300x161.jpg\" alt=\"\" width=\"239\" height=\"128\" srcset=\"https:\/\/comunidadtextil.com\/wpnews\/wp-content\/uploads\/2022\/06\/El-CEO-de-Levis-reclamo-al-ambito-empresario-que-se-proclamen-contra-la-libre-tenencia-y-portacion-de-armas-de-guerra-en-EE.UU_2-300x161.jpg 300w, https:\/\/comunidadtextil.com\/wpnews\/wp-content\/uploads\/2022\/06\/El-CEO-de-Levis-reclamo-al-ambito-empresario-que-se-proclamen-contra-la-libre-tenencia-y-portacion-de-armas-de-guerra-en-EE.UU_2-768x413.jpg 768w, https:\/\/comunidadtextil.com\/wpnews\/wp-content\/uploads\/2022\/06\/El-CEO-de-Levis-reclamo-al-ambito-empresario-que-se-proclamen-contra-la-libre-tenencia-y-portacion-de-armas-de-guerra-en-EE.UU_2-150x81.jpg 150w, https:\/\/comunidadtextil.com\/wpnews\/wp-content\/uploads\/2022\/06\/El-CEO-de-Levis-reclamo-al-ambito-empresario-que-se-proclamen-contra-la-libre-tenencia-y-portacion-de-armas-de-guerra-en-EE.UU_2.jpg 980w\" sizes=\"auto, (max-width: 239px) 100vw, 239px\" \/><\/a><p id=\"caption-attachment-12184\" class=\"wp-caption-text\">El CEO de Levis reclam\u00f3 al \u00e1mbito empresario que se proclamen contra la libre tenencia y portaci\u00f3n de armas de guerra en EE.UU.<\/p><\/div>\n<p>Bergh tambi\u00e9n se\u00f1al\u00f3 que \u201clas empresas existen para marcar la diferencia en el mundo\u201d y afirm\u00f3 que \u201clos CEOS no deben tener miedo de poner su energ\u00eda y recursos financieros detr\u00e1s de temas como la seguridad y las armas\u201d.<\/p>\n<p>Desde 2016, Levi\u00b4s y Chip Bergh han marcado su posici\u00f3n con respecto al tema. Ese a\u00f1o, un cliente dispar\u00f3 accidentalmente su arma dentro de la tienda hiri\u00e9ndose a s\u00ed mismo. Al recordar el episodio, el CEO declar\u00f3 que \u201cpodr\u00eda haber sido un empleado, otro cliente o el hijo de un cliente\u201d. A ra\u00edz del hecho, el directivo envi\u00f3 una carta a sus compradores pidi\u00e9ndoles que no portaran armas en sus tiendas.<\/p>\n<p><a href=\"https:\/\/comunidadtextil.com\/wpnews\/wp-content\/uploads\/2022\/06\/El-CEO-de-Levis-reclamo-al-ambito-empresario-que-se-proclamen-contra-la-libre-tenencia-y-portacion-de-armas-de-guerra-en-EE.UU_.-_2a.jpg\"><img loading=\"lazy\" decoding=\"async\" class=\"alignleft  wp-image-12190\" src=\"https:\/\/comunidadtextil.com\/wpnews\/wp-content\/uploads\/2022\/06\/El-CEO-de-Levis-reclamo-al-ambito-empresario-que-se-proclamen-contra-la-libre-tenencia-y-portacion-de-armas-de-guerra-en-EE.UU_.-_2a-300x157.jpg\" alt=\"\" width=\"246\" height=\"131\" \/><\/a>En uno de los p\u00e1rrafos de la misiva, Bergh fue contundente: \u201cno deber\u00edas tener que preocuparte por tu seguridad mientras compras ropa o te pruebas un par de jeans. Las armas de fuego no pertenecen a ninguno de esos entornos. Tenemos la obligaci\u00f3n con nuestros empleados y clientes de garantizar un entorno seguro y mantener las armas de fuego fuera de nuestras tiendas y oficinas\u201d.<br \/>\n&#8212;&#8212;&#8212;&#8212;&#8212;&#8212;&#8212;&#8212;&#8212;&#8212;&#8211;<br \/>\nF.N. \/ CueroAm\u00e9rica<\/p>\n<p>\u2014\u2014\u2014\u2014\u2014\u2014\u2014\u2014\u2014\u2014\u2014\u2014\u2014\u2014\u2014\u2014\u2014\u2014\u2014\u2014\u2014\u2014\u2014\u2014\u2014\u2014\u2014\u2014\u2014\u2014\u2014\u2014\u2014\u2014\u2014\u2014\u2014\u2014\u2014<\/p>\n<p dir=\"ltr\">Para comunicarse con ComunidadTextil: <span style=\"color: #3366ff;\"><a style=\"color: #3366ff;\" href=\"mailto:contacto@comunidadtextil.com\">contacto@comunidadtextil.com<\/a><\/span><\/p>\n<table border=\"0\" width=\"460\">\n<tbody>\n<tr>\n<td width=\"300\"><a href=\"https:\/\/epson.com.ar\/Para-el-trabajo\/Impresoras\/Gran-Formato\/c\/w140?q=%3Aname-asc%3AdiscontinuedFlag%3Afalse%3APro+Imaging+Facets%2CProfessional+Printer+Series%3ASureColor+F%7E102Series&amp;text=#scrollTgt_onRefresh\" target=\"_blank\" rel=\"noopener\"><img loading=\"lazy\" decoding=\"async\" src=\"\/publicidad\/epson\/2022\/banner03a-300x200.gif\" alt=\"\" width=\"300\" height=\"200\" border=\"0\" \/><\/a><\/td>\n<td width=\"171\"><a href=\"https:\/\/www.fashionaccess.aplf.com\/en-us\/\" target=\"_blank\" rel=\"noopener\"><img loading=\"lazy\" decoding=\"async\" src=\"http:\/\/cueroamerica.info\/img\/publicidad\/2022\/fa-marzo23.gif\" alt=\"\" width=\"300\" height=\"200\" \/><\/a><\/td>\n<\/tr>\n<\/tbody>\n<\/table>\n","protected":false},"excerpt":{"rendered":"<p>Luego de la masacre sucedida el mes pasado en Texas en la que un joven asesin\u00f3 con un arma de fuego a 19 estudiantes y dos maestros, Chip Bergh, CEO de Levi\u00b4s, junto a 200 directores ejecutivos de grandes compa\u00f1\u00eda pidieron al Senado de EEUU que tome acci\u00f3n inmediata sobre la legislaci\u00f3n que permite la [&hellip;]<\/p>\n","protected":false},"author":1924,"featured_media":0,"comment_status":"closed","ping_status":"closed","sticky":false,"template":"","format":"standard","meta":{"footnotes":""},"categories":[84],"tags":[],"class_list":["post-12186","post","type-post","status-publish","format-standard","hentry","category-diversidad-equidad-inclusion","count-0","even alt","author-adminct","last"],"_links":{"self":[{"href":"https:\/\/comunidadtextil.com\/wpnews\/wp-json\/wp\/v2\/posts\/12186","targetHints":{"allow":["GET"]}}],"collection":[{"href":"https:\/\/comunidadtextil.com\/wpnews\/wp-json\/wp\/v2\/posts"}],"about":[{"href":"https:\/\/comunidadtextil.com\/wpnews\/wp-json\/wp\/v2\/types\/post"}],"author":[{"embeddable":true,"href":"https:\/\/comunidadtextil.com\/wpnews\/wp-json\/wp\/v2\/users\/1924"}],"replies":[{"embeddable":true,"href":"https:\/\/comunidadtextil.com\/wpnews\/wp-json\/wp\/v2\/comments?post=12186"}],"version-history":[{"count":5,"href":"https:\/\/comunidadtextil.com\/wpnews\/wp-json\/wp\/v2\/posts\/12186\/revisions"}],"predecessor-version":[{"id":12192,"href":"https:\/\/comunidadtextil.com\/wpnews\/wp-json\/wp\/v2\/posts\/12186\/revisions\/12192"}],"wp:attachment":[{"href":"https:\/\/comunidadtextil.com\/wpnews\/wp-json\/wp\/v2\/media?parent=12186"}],"wp:term":[{"taxonomy":"category","embeddable":true,"href":"https:\/\/comunidadtextil.com\/wpnews\/wp-json\/wp\/v2\/categories?post=12186"},{"taxonomy":"post_tag","embeddable":true,"href":"https:\/\/comunidadtextil.com\/wpnews\/wp-json\/wp\/v2\/tags?post=12186"}],"curies":[{"name":"wp","href":"https:\/\/api.w.org\/{rel}","templated":true}]}}