{"id":12154,"date":"2022-06-16T11:37:25","date_gmt":"2022-06-16T14:37:25","guid":{"rendered":"http:\/\/comunidadtextil.com\/wpnews\/?p=12154"},"modified":"2022-06-16T11:37:49","modified_gmt":"2022-06-16T14:37:49","slug":"empresas-en-emitex-simatex-y-confemaq-18","status":"publish","type":"post","link":"https:\/\/comunidadtextil.com\/wpnews\/2022\/06\/empresas-en-emitex-simatex-y-confemaq-18\/","title":{"rendered":"Empresas en Emitex, Simatex y Confemaq"},"content":{"rendered":"<h3><strong>Unit\u00e1n S.A.<\/strong><\/h3>\n<p><a href=\"https:\/\/comunidadtextil.com\/wpnews\/wp-content\/uploads\/2022\/06\/Unitan-S.A.__3a.jpg\"><img loading=\"lazy\" decoding=\"async\" class=\" wp-image-12137 alignright\" src=\"https:\/\/comunidadtextil.com\/wpnews\/wp-content\/uploads\/2022\/06\/Unitan-S.A.__3a-300x197.jpg\" alt=\"\" width=\"269\" height=\"179\" \/><\/a>La firma Unit\u00e1n S.A. fabrica colorantes naturales a base de extractos vegetales en polvo, estandarizados. Estos permiten tener volumen de materia prima y producto terminado, controlado con reproducibilidad en las tinturas. Los mismos pueden ser usados en la industria porque la empresa puede producir a escala.<\/p>\n<p>Enrique Meltzer, quien brinda soporte t\u00e9cnico, explic\u00f3 que \u201ctodos estos colorantes pertenecen a la econom\u00eda circular porque los productos que se utilizan no son de alimentaci\u00f3n, sino que est\u00e1n de m\u00e1s en la industria\u201d.<\/p>\n<p>En la exposici\u00f3n Unit\u00e1n present\u00f3 su l\u00ednea de colorantes: el palo amarillo, el WT que es un extracto a base de tara, el OLV que es un extracto a base de oliva, uno a base de vinal y otro a base de quebracho. Meltzer se\u00f1al\u00f3 que tratan de \u201ccerrar el c\u00edrculo de la econom\u00eda sustentable\u201d y cont\u00f3 el origen de los productos. \u201cEl tono oliva se hace con la hoja del olivo que es la poda del \u00e1rbol que no se va a aprovechar. El vinal es pr\u00e1cticamente un arbusto, lo mismo pasa con el palo amarillo, el de tara sale de la chaucha del \u00e1rbol que cae y no se utiliza\u201d explic\u00f3.<\/p>\n<p>El profesional agreg\u00f3 que est\u00e1n desarrollando un nuevo colorante a base de c\u00e1scara de nuez que es un descarte de la industria de la alimentaci\u00f3n. Tambi\u00e9n remarc\u00f3 que \u201cestos colorantes no tienen ning\u00fan qu\u00edmico derivado del petr\u00f3leo e incluso en la parte del proceso de tintura se utilizan minerales\u201d.<\/p>\n<p>El stand de Unit\u00e1n gener\u00f3 mucho inter\u00e9s especialmente entre la gente joven y los estudiantes que son el grupo etario que m\u00e1s conciencia ecol\u00f3gica est\u00e1 manifestando.<br \/>\n&#8212;&#8212;&#8212;&#8212;&#8212;&#8212;&#8212;&#8212;&#8212;<br \/>\nComunidad Textil<\/p>\n","protected":false},"excerpt":{"rendered":"<p>Unit\u00e1n S.A. La firma Unit\u00e1n S.A. fabrica colorantes naturales a base de extractos vegetales en polvo, estandarizados. Estos permiten tener volumen de materia prima y producto terminado, controlado con reproducibilidad en las tinturas. Los mismos pueden ser usados en la industria porque la empresa puede producir a escala. Enrique Meltzer, quien brinda soporte t\u00e9cnico, explic\u00f3 [&hellip;]<\/p>\n","protected":false},"author":1924,"featured_media":0,"comment_status":"closed","ping_status":"closed","sticky":false,"template":"","format":"standard","meta":{"footnotes":""},"categories":[88],"tags":[],"class_list":["post-12154","post","type-post","status-publish","format-standard","hentry","category-emitex-simatex-confemaq","count-0","even alt","author-adminct","last"],"_links":{"self":[{"href":"https:\/\/comunidadtextil.com\/wpnews\/wp-json\/wp\/v2\/posts\/12154","targetHints":{"allow":["GET"]}}],"collection":[{"href":"https:\/\/comunidadtextil.com\/wpnews\/wp-json\/wp\/v2\/posts"}],"about":[{"href":"https:\/\/comunidadtextil.com\/wpnews\/wp-json\/wp\/v2\/types\/post"}],"author":[{"embeddable":true,"href":"https:\/\/comunidadtextil.com\/wpnews\/wp-json\/wp\/v2\/users\/1924"}],"replies":[{"embeddable":true,"href":"https:\/\/comunidadtextil.com\/wpnews\/wp-json\/wp\/v2\/comments?post=12154"}],"version-history":[{"count":2,"href":"https:\/\/comunidadtextil.com\/wpnews\/wp-json\/wp\/v2\/posts\/12154\/revisions"}],"predecessor-version":[{"id":12156,"href":"https:\/\/comunidadtextil.com\/wpnews\/wp-json\/wp\/v2\/posts\/12154\/revisions\/12156"}],"wp:attachment":[{"href":"https:\/\/comunidadtextil.com\/wpnews\/wp-json\/wp\/v2\/media?parent=12154"}],"wp:term":[{"taxonomy":"category","embeddable":true,"href":"https:\/\/comunidadtextil.com\/wpnews\/wp-json\/wp\/v2\/categories?post=12154"},{"taxonomy":"post_tag","embeddable":true,"href":"https:\/\/comunidadtextil.com\/wpnews\/wp-json\/wp\/v2\/tags?post=12154"}],"curies":[{"name":"wp","href":"https:\/\/api.w.org\/{rel}","templated":true}]}}