{"id":12150,"date":"2022-06-16T11:35:32","date_gmt":"2022-06-16T14:35:32","guid":{"rendered":"http:\/\/comunidadtextil.com\/wpnews\/?p=12150"},"modified":"2022-06-16T11:35:32","modified_gmt":"2022-06-16T14:35:32","slug":"empresas-en-emitex-simatex-y-confemaq-16","status":"publish","type":"post","link":"https:\/\/comunidadtextil.com\/wpnews\/2022\/06\/empresas-en-emitex-simatex-y-confemaq-16\/","title":{"rendered":"Empresas en Emitex, Simatex y Confemaq"},"content":{"rendered":"<h3><strong>Temco Argentina S.A.<\/strong><\/h3>\n<p><a href=\"https:\/\/comunidadtextil.com\/wpnews\/wp-content\/uploads\/2022\/06\/Temco-S.A.-_2a.jpg\"><img loading=\"lazy\" decoding=\"async\" class=\" wp-image-12135 alignright\" src=\"https:\/\/comunidadtextil.com\/wpnews\/wp-content\/uploads\/2022\/06\/Temco-S.A.-_2a-300x208.jpg\" alt=\"\" width=\"269\" height=\"188\" srcset=\"https:\/\/comunidadtextil.com\/wpnews\/wp-content\/uploads\/2022\/06\/Temco-S.A.-_2a-300x208.jpg 300w, https:\/\/comunidadtextil.com\/wpnews\/wp-content\/uploads\/2022\/06\/Temco-S.A.-_2a-1024x710.jpg 1024w, https:\/\/comunidadtextil.com\/wpnews\/wp-content\/uploads\/2022\/06\/Temco-S.A.-_2a-768x533.jpg 768w, https:\/\/comunidadtextil.com\/wpnews\/wp-content\/uploads\/2022\/06\/Temco-S.A.-_2a-150x104.jpg 150w, https:\/\/comunidadtextil.com\/wpnews\/wp-content\/uploads\/2022\/06\/Temco-S.A.-_2a.jpg 1400w\" sizes=\"auto, (max-width: 269px) 100vw, 269px\" \/><\/a>Juan Pablo Fabre, gerente general de la compa\u00f1\u00eda, que representa a la firma japonesa Shima Seiki, cont\u00f3 que presentaron en la feria la tecnolog\u00eda de prenda integral. Esto quiere decir que la prenda que \u201csale totalmente terminada sin costuras, es decir que el pullover ya sale finalizado\u201d.<\/p>\n<p>Con respecto al proceso, el ejecutivo explic\u00f3 \u201cse dise\u00f1a la prenda, que no tiene limitaciones de estructura ni de puntos, se lo carga al programa y luego la m\u00e1quina lo interpreta y lo teje\u201d. Apunt\u00f3 que en el stand presentaron ocho m\u00e1quinas y que mostraron lo \u00faltimo en tendencias de moda. Fabre coment\u00f3 que \u201ces un cl\u00e1sico nuestro en las exposiciones mostrar lo \u00faltimo\u201d porque \u201ctenemos much\u00edsimos clientes que trabajan para varias marcas de retail y vienen para tomar esto como base o punto de partida para sus colecciones\u201d.<\/p>\n<p>En relaci\u00f3n al mercado, el directivo se\u00f1al\u00f3 que \u201cnuestro sector est\u00e1 pasando por un muy buen momento, la producci\u00f3n nacional est\u00e1 en auge, en crecimiento, un poco por la reducci\u00f3n de las importaciones, con lo cual hay que abastecer la demanda interna. El valor del d\u00f3lar para comercializar est\u00e1s m\u00e1quinas tambi\u00e9n hace que la gente se anime a invertir, es un sector que empuja mucho y siempre est\u00e1 invirtiendo\u201d.<\/p>\n<p>Participante tradicional en Emitex, Simatex y Confemaq, la empresa recibi\u00f3 muchas visitas durante todas las jornadas. Fabre se\u00f1al\u00f3 al respecto: \u201chubo muy buena circulaci\u00f3n de gente y en nuestro stand fue continua\u201d. Agreg\u00f3 que \u201cdespu\u00e9s de la pandemia, la gente estaba deseosa de ver lo que presentaban las empresas\u201d.<br \/>\n&#8212;&#8212;&#8212;&#8212;&#8212;&#8212;&#8212;&#8212;&#8212;-<br \/>\nComunidad Textil<\/p>\n","protected":false},"excerpt":{"rendered":"<p>Temco Argentina S.A. Juan Pablo Fabre, gerente general de la compa\u00f1\u00eda, que representa a la firma japonesa Shima Seiki, cont\u00f3 que presentaron en la feria la tecnolog\u00eda de prenda integral. Esto quiere decir que la prenda que \u201csale totalmente terminada sin costuras, es decir que el pullover ya sale finalizado\u201d. Con respecto al proceso, el [&hellip;]<\/p>\n","protected":false},"author":1924,"featured_media":0,"comment_status":"closed","ping_status":"closed","sticky":false,"template":"","format":"standard","meta":{"footnotes":""},"categories":[88],"tags":[],"class_list":["post-12150","post","type-post","status-publish","format-standard","hentry","category-emitex-simatex-confemaq","count-0","even alt","author-adminct","last"],"_links":{"self":[{"href":"https:\/\/comunidadtextil.com\/wpnews\/wp-json\/wp\/v2\/posts\/12150","targetHints":{"allow":["GET"]}}],"collection":[{"href":"https:\/\/comunidadtextil.com\/wpnews\/wp-json\/wp\/v2\/posts"}],"about":[{"href":"https:\/\/comunidadtextil.com\/wpnews\/wp-json\/wp\/v2\/types\/post"}],"author":[{"embeddable":true,"href":"https:\/\/comunidadtextil.com\/wpnews\/wp-json\/wp\/v2\/users\/1924"}],"replies":[{"embeddable":true,"href":"https:\/\/comunidadtextil.com\/wpnews\/wp-json\/wp\/v2\/comments?post=12150"}],"version-history":[{"count":1,"href":"https:\/\/comunidadtextil.com\/wpnews\/wp-json\/wp\/v2\/posts\/12150\/revisions"}],"predecessor-version":[{"id":12151,"href":"https:\/\/comunidadtextil.com\/wpnews\/wp-json\/wp\/v2\/posts\/12150\/revisions\/12151"}],"wp:attachment":[{"href":"https:\/\/comunidadtextil.com\/wpnews\/wp-json\/wp\/v2\/media?parent=12150"}],"wp:term":[{"taxonomy":"category","embeddable":true,"href":"https:\/\/comunidadtextil.com\/wpnews\/wp-json\/wp\/v2\/categories?post=12150"},{"taxonomy":"post_tag","embeddable":true,"href":"https:\/\/comunidadtextil.com\/wpnews\/wp-json\/wp\/v2\/tags?post=12150"}],"curies":[{"name":"wp","href":"https:\/\/api.w.org\/{rel}","templated":true}]}}