{"id":12070,"date":"2022-06-14T12:34:43","date_gmt":"2022-06-14T15:34:43","guid":{"rendered":"http:\/\/comunidadtextil.com\/wpnews\/?p=12070"},"modified":"2022-06-14T14:19:57","modified_gmt":"2022-06-14T17:19:57","slug":"empresas-en-emitex-simatex-y-confemaq","status":"publish","type":"post","link":"https:\/\/comunidadtextil.com\/wpnews\/2022\/06\/empresas-en-emitex-simatex-y-confemaq\/","title":{"rendered":"Empresas en Emitex, Simatex y Confemaq"},"content":{"rendered":"<h3><strong>Amesud S.A.<\/strong><\/h3>\n<p><a href=\"https:\/\/comunidadtextil.com\/wpnews\/wp-content\/uploads\/2022\/06\/Amesud-S.A.-scaled.jpg\"><img loading=\"lazy\" decoding=\"async\" class=\" wp-image-12071 alignright\" src=\"https:\/\/comunidadtextil.com\/wpnews\/wp-content\/uploads\/2022\/06\/Amesud-S.A.-300x198.jpg\" alt=\"\" width=\"270\" height=\"180\" \/><\/a>La empresa present\u00f3 telas de poli\u00e9ster para ropa deportiva y telas con estampado digital. David Kim, vicepresidente de la compa\u00f1\u00eda, cont\u00f3 su experiencia en la exposici\u00f3n.<\/p>\n<p>\u201cVemos que hay muchos visitantes y mucho inter\u00e9s, la gente hace mucho que no viene a una exposici\u00f3n as\u00ed que est\u00e1n bastante entusiasmados para ver las nuevas tendencias y tecnolog\u00edas\u201d explic\u00f3 el directivo.<\/p>\n<p>La empresa es una participante tradicional de la feria y Kim celebr\u00f3 la vuelta al formato presencial: \u201cvemos este reencuentro muy positivo, hay mucho inter\u00e9s por productos nuevos y diferenciados\u201d. Para el ejecutivo \u201cen nuestro rubro, el encuentro presencial es mucho m\u00e1s importante que el virtual porque uno tiene que tocar la tela, ver c\u00f3mo se siente. No se puede transmitir eso en forma virtual\u201d.<\/p>\n<p>Kim se mostr\u00f3 conforme con los resultados de participar en Emitex, Simatex y Confemaq y brind\u00f3 su visi\u00f3n sobre el momento que vive el sector: \u201cnosotros y nuestros competidores estamos invirtiendo en renovaci\u00f3n de maquinarias, con equipos nuevos y m\u00e1s eficientes que utilicen menos recursos, menos productos qu\u00edmicos y para renovar maquinaria que ya tiene sus a\u00f1os\u201d concluy\u00f3.<br \/>\n&#8212;&#8212;&#8212;&#8212;&#8212;&#8212;&#8212;&#8212;&#8212;&#8211;<br \/>\nComunidad Textil<\/p>\n","protected":false},"excerpt":{"rendered":"<p>Amesud S.A. La empresa present\u00f3 telas de poli\u00e9ster para ropa deportiva y telas con estampado digital. David Kim, vicepresidente de la compa\u00f1\u00eda, cont\u00f3 su experiencia en la exposici\u00f3n. \u201cVemos que hay muchos visitantes y mucho inter\u00e9s, la gente hace mucho que no viene a una exposici\u00f3n as\u00ed que est\u00e1n bastante entusiasmados para ver las nuevas [&hellip;]<\/p>\n","protected":false},"author":1924,"featured_media":0,"comment_status":"closed","ping_status":"closed","sticky":false,"template":"","format":"standard","meta":{"footnotes":""},"categories":[88],"tags":[],"class_list":["post-12070","post","type-post","status-publish","format-standard","hentry","category-emitex-simatex-confemaq","count-0","even alt","author-adminct","last"],"_links":{"self":[{"href":"https:\/\/comunidadtextil.com\/wpnews\/wp-json\/wp\/v2\/posts\/12070","targetHints":{"allow":["GET"]}}],"collection":[{"href":"https:\/\/comunidadtextil.com\/wpnews\/wp-json\/wp\/v2\/posts"}],"about":[{"href":"https:\/\/comunidadtextil.com\/wpnews\/wp-json\/wp\/v2\/types\/post"}],"author":[{"embeddable":true,"href":"https:\/\/comunidadtextil.com\/wpnews\/wp-json\/wp\/v2\/users\/1924"}],"replies":[{"embeddable":true,"href":"https:\/\/comunidadtextil.com\/wpnews\/wp-json\/wp\/v2\/comments?post=12070"}],"version-history":[{"count":7,"href":"https:\/\/comunidadtextil.com\/wpnews\/wp-json\/wp\/v2\/posts\/12070\/revisions"}],"predecessor-version":[{"id":12131,"href":"https:\/\/comunidadtextil.com\/wpnews\/wp-json\/wp\/v2\/posts\/12070\/revisions\/12131"}],"wp:attachment":[{"href":"https:\/\/comunidadtextil.com\/wpnews\/wp-json\/wp\/v2\/media?parent=12070"}],"wp:term":[{"taxonomy":"category","embeddable":true,"href":"https:\/\/comunidadtextil.com\/wpnews\/wp-json\/wp\/v2\/categories?post=12070"},{"taxonomy":"post_tag","embeddable":true,"href":"https:\/\/comunidadtextil.com\/wpnews\/wp-json\/wp\/v2\/tags?post=12070"}],"curies":[{"name":"wp","href":"https:\/\/api.w.org\/{rel}","templated":true}]}}