{"id":11808,"date":"2022-04-07T10:42:31","date_gmt":"2022-04-07T13:42:31","guid":{"rendered":"http:\/\/comunidadtextil.com\/wpnews\/?p=11808"},"modified":"2022-04-07T10:42:31","modified_gmt":"2022-04-07T13:42:31","slug":"la-comision-europea-dio-a-conocer-sus-propuestas-de-sostenibilidad-para-textiles","status":"publish","type":"post","link":"https:\/\/comunidadtextil.com\/wpnews\/2022\/04\/la-comision-europea-dio-a-conocer-sus-propuestas-de-sostenibilidad-para-textiles\/","title":{"rendered":"La Comisi\u00f3n Europea dio a conocer sus propuestas de sostenibilidad para textiles"},"content":{"rendered":"<p><a href=\"https:\/\/comunidadtextil.com\/wpnews\/wp-content\/uploads\/2022\/04\/EU-Strategy-for-Sustainable-and-Circular-Textiles.-_2-.png\"><img loading=\"lazy\" decoding=\"async\" class=\" wp-image-11790 alignright\" src=\"https:\/\/comunidadtextil.com\/wpnews\/wp-content\/uploads\/2022\/04\/EU-Strategy-for-Sustainable-and-Circular-Textiles.-_2--213x300.png\" alt=\"\" width=\"157\" height=\"219\" \/><\/a>El pasado 30 de marzo, la Comisi\u00f3n Europea (CE) present\u00f3 el documento EU Strategy for Sustainable and Circular Textiles donde publica sus propuestas de sostenibilidad para el sector textil. El objetivo de la CE es que, para 2030, los art\u00edculos textiles fabricados y comercializados en Europa sean duraderos, reparables, reciclables y eficientes.<\/p>\n<p>Seg\u00fan los lineamientos de la Comisi\u00f3n, los productos que se comercialicen en territorio europeo deben:<br \/>\n* Ser respetuosos con el medio ambiente.<br \/>\n* Estar adaptados a la econom\u00eda circular.<br \/>\n* Ser eficientes desde el punto de vista energ\u00e9tico en todo su ciclo de vida hasta su eliminaci\u00f3n final.<\/p>\n<p><a href=\"https:\/\/comunidadtextil.com\/wpnews\/wp-content\/uploads\/2022\/04\/EU-Strategy-for-Sustainable-and-Circular-Textiles_2-.jpg\"><img loading=\"lazy\" decoding=\"async\" class=\"alignleft  wp-image-11791\" src=\"https:\/\/comunidadtextil.com\/wpnews\/wp-content\/uploads\/2022\/04\/EU-Strategy-for-Sustainable-and-Circular-Textiles_2-.jpg\" alt=\"\" width=\"180\" height=\"180\" srcset=\"https:\/\/comunidadtextil.com\/wpnews\/wp-content\/uploads\/2022\/04\/EU-Strategy-for-Sustainable-and-Circular-Textiles_2-.jpg 225w, https:\/\/comunidadtextil.com\/wpnews\/wp-content\/uploads\/2022\/04\/EU-Strategy-for-Sustainable-and-Circular-Textiles_2--150x150.jpg 150w, https:\/\/comunidadtextil.com\/wpnews\/wp-content\/uploads\/2022\/04\/EU-Strategy-for-Sustainable-and-Circular-Textiles_2--80x80.jpg 80w\" sizes=\"auto, (max-width: 180px) 100vw, 180px\" \/><\/a>Si bien la normativa es para todos los sectores productivos, la Comisi\u00f3n considera que el sector textil\/moda es uno de los prioritarios dado que el consumo europeo de productos textiles ejerce el cuarto mayor impacto en el medio ambiente despu\u00e9s de la alimentaci\u00f3n, la vivienda y los transportes.<\/p>\n<p>Esta reglamentaci\u00f3n deber\u00e1 ponerse en pr\u00e1ctica antes de 2030 y exige a las empresas que luchen contra el fast fashion, reduzcan o eliminen los residuos textiles, no destruyan las prendas no vendidas y que respeten los derechos laborales.<\/p>\n<div id=\"attachment_11800\" style=\"width: 250px\" class=\"wp-caption alignright\"><a href=\"https:\/\/comunidadtextil.com\/wpnews\/wp-content\/uploads\/2022\/04\/La-Comision-de-la-UE-dice-que-la-tendencia-de-la-_moda-rapida_-esta-contribuyendo-a-_patrones-insostenibles-de-sobreproduccion-y-consumo-excesivo_1.jpg\"><img loading=\"lazy\" decoding=\"async\" aria-describedby=\"caption-attachment-11800\" class=\" wp-image-11800\" src=\"https:\/\/comunidadtextil.com\/wpnews\/wp-content\/uploads\/2022\/04\/La-Comision-de-la-UE-dice-que-la-tendencia-de-la-_moda-rapida_-esta-contribuyendo-a-_patrones-insostenibles-de-sobreproduccion-y-consumo-excesivo_1-300x169.jpg\" alt=\"\" width=\"240\" height=\"135\" srcset=\"https:\/\/comunidadtextil.com\/wpnews\/wp-content\/uploads\/2022\/04\/La-Comision-de-la-UE-dice-que-la-tendencia-de-la-_moda-rapida_-esta-contribuyendo-a-_patrones-insostenibles-de-sobreproduccion-y-consumo-excesivo_1-300x169.jpg 300w, https:\/\/comunidadtextil.com\/wpnews\/wp-content\/uploads\/2022\/04\/La-Comision-de-la-UE-dice-que-la-tendencia-de-la-_moda-rapida_-esta-contribuyendo-a-_patrones-insostenibles-de-sobreproduccion-y-consumo-excesivo_1-150x84.jpg 150w, https:\/\/comunidadtextil.com\/wpnews\/wp-content\/uploads\/2022\/04\/La-Comision-de-la-UE-dice-que-la-tendencia-de-la-_moda-rapida_-esta-contribuyendo-a-_patrones-insostenibles-de-sobreproduccion-y-consumo-excesivo_1.jpg 700w\" sizes=\"auto, (max-width: 240px) 100vw, 240px\" \/><\/a><p id=\"caption-attachment-11800\" class=\"wp-caption-text\">La Comisi\u00f3n de la UE dice que la tendencia de la _moda r\u00e1pida_ est\u00e1 contribuyendo a _patrones insostenibles de sobreproducci\u00f3n y consumo excesivo<\/p><\/div>\n<p>Las medidas concretas que pide la CE son:<br \/>\n* Dise\u00f1o ecol\u00f3gico<br \/>\n* Claridad en las etiquetas<br \/>\n* Reducir la cantidad de colecciones al a\u00f1o<br \/>\n* Creaci\u00f3n de un pasaporte digital de productos<br \/>\n* Evitar la liberaci\u00f3n de micropl\u00e1sticos en productos textiles<br \/>\n* Modelos de negocios circulares<br \/>\n* Promoci\u00f3n de los servicios de reutilizaci\u00f3n y reparaci\u00f3n de los art\u00edculos<\/p>\n<p>Para ayudar a cumplir estas metas, la Comisi\u00f3n prestar\u00e1 apoyo financiero al sector textil\/moda y lo acompa\u00f1ar\u00e1 en su transformaci\u00f3n a trav\u00e9s de la herramienta denominada \u201cruta de transici\u00f3n para el ecosistema textil\u00bb.<br \/>\n&#8212;&#8212;&#8212;&#8212;&#8212;&#8212;&#8212;&#8212;&#8212;&#8212;&#8212;&#8212;&#8212;&#8212;&#8212;-<br \/>\nPinker Moda \/ Comunidad Textil<\/p>\n<p>\u2014\u2014\u2014\u2014\u2014\u2014\u2014\u2014\u2014\u2014\u2014\u2014\u2014\u2014\u2014\u2014\u2014\u2014\u2014\u2014\u2014\u2014\u2014\u2014\u2014\u2014\u2014\u2014\u2014\u2014\u2014\u2014\u2014\u2014\u2014\u2014\u2014\u2014\u2014<\/p>\n<p dir=\"ltr\">Para comunicarse con ComunidadTextil: <span style=\"color: #3366ff;\"><a style=\"color: #3366ff;\" href=\"mailto:contacto@comunidadtextil.com\">contacto@comunidadtextil.com<\/a><\/span><\/p>\n<p>&nbsp;<\/p>\n<table border=\"0\" width=\"460\">\n<tbody>\n<tr>\n<td width=\"300\"><a href=\"https:\/\/algoselanflandria.com.ar\/\" target=\"_blank\" rel=\"noopener\"><img loading=\"lazy\" decoding=\"async\" src=\"http:\/\/comunidadtextil.com\/publicidad\/af-2020-300x200px.gif\" alt=\"\" width=\"300\" height=\"200\" border=\"0\" \/><\/a><\/td>\n<td width=\"171\"><a href=\"http:\/\/bit.ly\/2qWIP7i\" target=\"_blank\" rel=\"noopener\"><img loading=\"lazy\" decoding=\"async\" src=\"\/publicidad\/banner-ciai.gif\" alt=\"\" width=\"300\" height=\"153\" border=\"0\" \/><\/a><\/td>\n<\/tr>\n<\/tbody>\n<\/table>\n","protected":false},"excerpt":{"rendered":"<p>El pasado 30 de marzo, la Comisi\u00f3n Europea (CE) present\u00f3 el documento EU Strategy for Sustainable and Circular Textiles donde publica sus propuestas de sostenibilidad para el sector textil. El objetivo de la CE es que, para 2030, los art\u00edculos textiles fabricados y comercializados en Europa sean duraderos, reparables, reciclables y eficientes. Seg\u00fan los lineamientos [&hellip;]<\/p>\n","protected":false},"author":1924,"featured_media":0,"comment_status":"closed","ping_status":"closed","sticky":false,"template":"","format":"standard","meta":{"footnotes":""},"categories":[56,62],"tags":[],"class_list":["post-11808","post","type-post","status-publish","format-standard","hentry","category-medio-ambiente","category-noticias-de-europa","count-0","even alt","author-adminct","last"],"_links":{"self":[{"href":"https:\/\/comunidadtextil.com\/wpnews\/wp-json\/wp\/v2\/posts\/11808","targetHints":{"allow":["GET"]}}],"collection":[{"href":"https:\/\/comunidadtextil.com\/wpnews\/wp-json\/wp\/v2\/posts"}],"about":[{"href":"https:\/\/comunidadtextil.com\/wpnews\/wp-json\/wp\/v2\/types\/post"}],"author":[{"embeddable":true,"href":"https:\/\/comunidadtextil.com\/wpnews\/wp-json\/wp\/v2\/users\/1924"}],"replies":[{"embeddable":true,"href":"https:\/\/comunidadtextil.com\/wpnews\/wp-json\/wp\/v2\/comments?post=11808"}],"version-history":[{"count":3,"href":"https:\/\/comunidadtextil.com\/wpnews\/wp-json\/wp\/v2\/posts\/11808\/revisions"}],"predecessor-version":[{"id":11811,"href":"https:\/\/comunidadtextil.com\/wpnews\/wp-json\/wp\/v2\/posts\/11808\/revisions\/11811"}],"wp:attachment":[{"href":"https:\/\/comunidadtextil.com\/wpnews\/wp-json\/wp\/v2\/media?parent=11808"}],"wp:term":[{"taxonomy":"category","embeddable":true,"href":"https:\/\/comunidadtextil.com\/wpnews\/wp-json\/wp\/v2\/categories?post=11808"},{"taxonomy":"post_tag","embeddable":true,"href":"https:\/\/comunidadtextil.com\/wpnews\/wp-json\/wp\/v2\/tags?post=11808"}],"curies":[{"name":"wp","href":"https:\/\/api.w.org\/{rel}","templated":true}]}}