{"id":11779,"date":"2022-04-05T11:50:09","date_gmt":"2022-04-05T14:50:09","guid":{"rendered":"http:\/\/comunidadtextil.com\/wpnews\/?p=11779"},"modified":"2022-04-05T11:50:09","modified_gmt":"2022-04-05T14:50:09","slug":"optimismo-en-el-sector-textil-de-argentina-y-el-80-de-los-empresarios-espera-crecer","status":"publish","type":"post","link":"https:\/\/comunidadtextil.com\/wpnews\/2022\/04\/optimismo-en-el-sector-textil-de-argentina-y-el-80-de-los-empresarios-espera-crecer\/","title":{"rendered":"Optimismo en el sector textil de Argentina y el 80% de los empresarios espera crecer"},"content":{"rendered":"<p><a href=\"https:\/\/comunidadtextil.com\/wpnews\/wp-content\/uploads\/2022\/04\/Guilford1.jpg\"><img loading=\"lazy\" decoding=\"async\" class=\"wp-image-11765 alignright\" src=\"https:\/\/comunidadtextil.com\/wpnews\/wp-content\/uploads\/2022\/04\/Guilford1-300x139.jpg\" alt=\"\" width=\"249\" height=\"118\" \/><\/a>De acuerdo a una encuesta de la Fundaci\u00f3n ProTejer a empresarios textiles, el 80% de la cadena de valor textil e indumentaria estima que las ventas crecer\u00e1n este a\u00f1o. En l\u00ednea con estas perspectivas, casi la totalidad de las empresas planea mantener o ampliar el uso de la capacidad productiva.<\/p>\n<p>8 de cada 10 empresas de la cadena de valor textil e indumentaria estiman que las ventas crecer\u00e1n en este a\u00f1o, aunque muchas sostienen que la p\u00e9rdida del poder adquisitivo podr\u00eda actuar como limitante. En l\u00ednea con estas perspectivas, casi la totalidad de las empresas planea mantener o ampliar el uso de la capacidad productiva, 7 de cada 10 realizar nuevas inversiones y 5 de cada 10 contratar nuevo personal, seg\u00fan el \u00faltimo informe de Fundaci\u00f3n ProTejer.<\/p>\n<p>El 27,8% de las empresas que componen la cadena de valor -hilander\u00eda, tejeduria, tintoreria, confecci\u00f3n e indumentaria- tienen perspectiva de crecimiento de sus ventas por el crecimiento que hay de la demanda de su producto y el 18% cree que las ventas crecer\u00e1n debido a una ca\u00edda en la importaci\u00f3n de su producto.<\/p>\n<p>Ahora bien, 2 de cada 3 empresas creen que el principal motivo de debilitamiento de ventas en 2022 ser\u00e1 la p\u00e9rdida del poder adquisitivo de la poblaci\u00f3n. Dentro de las posibilidades de crecimiento de este a\u00f1o, las empresas destacan que la incertidumbre macroecon\u00f3mica, la presi\u00f3n tributaria y la escasez de personal calificado son los principales limitantes.<\/p>\n<p>Sin embargo, el 72,7% de las empresas prev\u00e9 exportar durante el 2022. En esta l\u00ednea, el 55,8% de las empresas manifestaron que mantendr\u00e1n o ampliar\u00e1n el uso de su capacidad instalada productiva. Se destaca entre ellas el segmento de tintorer\u00eda y las grandes empresas.<\/p>\n<p>Desde ProTejer cuentan que las empresas del sector se encuentran invirtiendo, mejorando sus plantas, diversificando productos y aumentando su producci\u00f3n. 7 de cada 10 empresas tiene planeado invertir y el 39,3 afirma que ser\u00e1 destinada a maquinaria y equipos nuevos.<\/p>\n<p>Con respecto a la necesidad de financiamiento, 4 de cada 10 empresas no acuden a fuentes alternativas de financiamiento. El 26,1% estima que necesitar\u00e1 el cr\u00e9dito de instituciones financieras y un 12,2% de programas p\u00fablicos. Donde el 31,1% lo destinar\u00e1 a la compra de insumos y el 27,5% para financiar nuevas inversiones.<\/p>\n<p><a href=\"https:\/\/comunidadtextil.com\/wpnews\/wp-content\/uploads\/2022\/04\/TN-Platex-.-jpg.jpg\"><img loading=\"lazy\" decoding=\"async\" class=\" wp-image-11764 alignright\" src=\"https:\/\/comunidadtextil.com\/wpnews\/wp-content\/uploads\/2022\/04\/TN-Platex-.-jpg-300x200.jpg\" alt=\"\" width=\"247\" height=\"166\" srcset=\"https:\/\/comunidadtextil.com\/wpnews\/wp-content\/uploads\/2022\/04\/TN-Platex-.-jpg-300x200.jpg 300w, https:\/\/comunidadtextil.com\/wpnews\/wp-content\/uploads\/2022\/04\/TN-Platex-.-jpg-768x512.jpg 768w, https:\/\/comunidadtextil.com\/wpnews\/wp-content\/uploads\/2022\/04\/TN-Platex-.-jpg-150x100.jpg 150w, https:\/\/comunidadtextil.com\/wpnews\/wp-content\/uploads\/2022\/04\/TN-Platex-.-jpg.jpg 960w\" sizes=\"auto, (max-width: 247px) 100vw, 247px\" \/><\/a>Al relevar el crecimiento de las empresas durante el 2021, ProTejer compar\u00f3 con los n\u00fameros de 2019 ya que el 2020 fue un a\u00f1o de producci\u00f3n at\u00edpico. En los resultados, 8 de cada 10 empresas afirm\u00f3 que su desempe\u00f1o fue mejor que en 2019. Dentro del rubro, las peque\u00f1as empresas declararon haber pasado mayores dificultades.<\/p>\n<p>El 28,5% de las empresas explic\u00f3 que el crecimiento se dio por el aumento de las ventas en el mercado interno seguido de un 19% que atribuy\u00f3 el crecimiento al crecimiento de la actividad econ\u00f3mica nacional.<\/p>\n<p>En l\u00ednea con esto, el 83% de los establecimientos encuestados manifiesta haber alcanzado un uso de la capacidad instalada superior al 61 por ciento. Un gran traccionador del desempe\u00f1o del sector fue la inversi\u00f3n. 6 de cada 10 empresas invirti\u00f3 en el 2021 y 9 de cada 10 lo est\u00e1n haciendo en distintas tecnolog\u00edas de la industria 4.0. \u201cEsto es importante porque es lo que nos permite que la cadena siga en l\u00ednea con las mejores y los avances a nivel internacional\u201d, explica Priscila Makari, economista y directora ejecutiva de la fundaci\u00f3n Pro Tejer.<\/p>\n<p>En cuanto al empleo, la mitad de las empresas incorporaron nuevos trabajadores, superando as\u00ed los niveles registrados en 2019. \u201cEste dato tiene una relevancia importante, ya que el sector industrial de la cadena de valor genera m\u00e1s de 500.000 empleos a nivel federal, en algunas provincias representa el 25% del empleo total industrial\u201d, agrega Makari.<\/p>\n<p><a href=\"https:\/\/comunidadtextil.com\/wpnews\/wp-content\/uploads\/2022\/04\/Amesur-.jpg\"><img loading=\"lazy\" decoding=\"async\" class=\"alignleft wp-image-11763\" src=\"https:\/\/comunidadtextil.com\/wpnews\/wp-content\/uploads\/2022\/04\/Amesur--300x212.jpg\" alt=\"\" width=\"246\" height=\"175\" srcset=\"https:\/\/comunidadtextil.com\/wpnews\/wp-content\/uploads\/2022\/04\/Amesur--300x212.jpg 300w, https:\/\/comunidadtextil.com\/wpnews\/wp-content\/uploads\/2022\/04\/Amesur--150x106.jpg 150w, https:\/\/comunidadtextil.com\/wpnews\/wp-content\/uploads\/2022\/04\/Amesur-.jpg 500w\" sizes=\"auto, (max-width: 246px) 100vw, 246px\" \/><\/a>Las hilander\u00edas, tejedur\u00edas, tintorer\u00edas y marcas fueron los segmentos que tuvieron un mayor dinamismo, mientras que la creaci\u00f3n de puestos de trabajo en la confecci\u00f3n y en particular las micro y peque\u00f1as empresas fueron los segmentos m\u00e1s rezagados.<\/p>\n<p>Del total de las empresas encuestadas, el 27% ha exportado durante 2021 y, de estas, el 57%ha superado los niveles de 2019. En cuanto a las compras desde el exterior, 6 de cada 10 empresas registraron importaciones y m\u00e1s de la mitad aumentaron sus vol\u00famenes importados con relaci\u00f3n a 2019.<\/p>\n<p>La mayor parte de las empresas, el 50%, concentraron sus importaciones en bienes iniciales, sobre los cuales la agregaci\u00f3n de valor es mucho mayor. A su vez, el 45% inform\u00f3 que tuvieron dificultades para importar, principalmente obst\u00e1culos para acceder al mercado de cambios y girar divisas.<br \/>\n&#8212;&#8212;&#8212;&#8212;&#8212;&#8212;&#8212;&#8212;&#8212;&#8212;&#8212;&#8212;&#8212;&#8212;&#8212;&#8212;&#8212;&#8212;<br \/>\nMotor Econ\u00f3mico \/ Comunidad Textil<\/p>\n<p>\u2014\u2014\u2014\u2014\u2014\u2014\u2014\u2014\u2014\u2014\u2014\u2014\u2014\u2014\u2014\u2014\u2014\u2014\u2014\u2014\u2014\u2014\u2014\u2014\u2014\u2014\u2014\u2014\u2014\u2014\u2014\u2014\u2014\u2014\u2014\u2014\u2014\u2014\u2014<\/p>\n<p dir=\"ltr\">Para comunicarse con ComunidadTextil: <span style=\"color: #3366ff;\"><a style=\"color: #3366ff;\" href=\"mailto:contacto@comunidadtextil.com\">contacto@comunidadtextil.com<\/a><\/span><\/p>\n<p>&nbsp;<\/p>\n<table border=\"0\" width=\"460\">\n<tbody>\n<tr>\n<td width=\"300\"><a href=\"http:\/\/bit.ly\/2qnuvSs\" target=\"_blank\" rel=\"noopener\"><img loading=\"lazy\" decoding=\"async\" src=\"\/publicidad\/crecer-banner-julio17.gif\" alt=\"\" width=\"300\" height=\"200\" border=\"0\" \/><\/a><\/td>\n<td width=\"171\"><a href=\"http:\/\/www.actibiz.com.ar\" target=\"_blank\" rel=\"noopener\"><img loading=\"lazy\" decoding=\"async\" src=\"\/publicidad\/actibiz2019.jpg\" alt=\"\" width=\"300\" height=\"200\" border=\"0\" \/><\/a><\/td>\n<\/tr>\n<\/tbody>\n<\/table>\n","protected":false},"excerpt":{"rendered":"<p>De acuerdo a una encuesta de la Fundaci\u00f3n ProTejer a empresarios textiles, el 80% de la cadena de valor textil e indumentaria estima que las ventas crecer\u00e1n este a\u00f1o. En l\u00ednea con estas perspectivas, casi la totalidad de las empresas planea mantener o ampliar el uso de la capacidad productiva. 8 de cada 10 empresas [&hellip;]<\/p>\n","protected":false},"author":1924,"featured_media":0,"comment_status":"closed","ping_status":"closed","sticky":false,"template":"","format":"standard","meta":{"footnotes":""},"categories":[8,53],"tags":[],"class_list":["post-11779","post","type-post","status-publish","format-standard","hentry","category-argentina","category-industria-textil","count-0","even alt","author-adminct","last"],"_links":{"self":[{"href":"https:\/\/comunidadtextil.com\/wpnews\/wp-json\/wp\/v2\/posts\/11779","targetHints":{"allow":["GET"]}}],"collection":[{"href":"https:\/\/comunidadtextil.com\/wpnews\/wp-json\/wp\/v2\/posts"}],"about":[{"href":"https:\/\/comunidadtextil.com\/wpnews\/wp-json\/wp\/v2\/types\/post"}],"author":[{"embeddable":true,"href":"https:\/\/comunidadtextil.com\/wpnews\/wp-json\/wp\/v2\/users\/1924"}],"replies":[{"embeddable":true,"href":"https:\/\/comunidadtextil.com\/wpnews\/wp-json\/wp\/v2\/comments?post=11779"}],"version-history":[{"count":1,"href":"https:\/\/comunidadtextil.com\/wpnews\/wp-json\/wp\/v2\/posts\/11779\/revisions"}],"predecessor-version":[{"id":11780,"href":"https:\/\/comunidadtextil.com\/wpnews\/wp-json\/wp\/v2\/posts\/11779\/revisions\/11780"}],"wp:attachment":[{"href":"https:\/\/comunidadtextil.com\/wpnews\/wp-json\/wp\/v2\/media?parent=11779"}],"wp:term":[{"taxonomy":"category","embeddable":true,"href":"https:\/\/comunidadtextil.com\/wpnews\/wp-json\/wp\/v2\/categories?post=11779"},{"taxonomy":"post_tag","embeddable":true,"href":"https:\/\/comunidadtextil.com\/wpnews\/wp-json\/wp\/v2\/tags?post=11779"}],"curies":[{"name":"wp","href":"https:\/\/api.w.org\/{rel}","templated":true}]}}