{"id":11766,"date":"2022-04-05T11:18:20","date_gmt":"2022-04-05T14:18:20","guid":{"rendered":"http:\/\/comunidadtextil.com\/wpnews\/?p=11766"},"modified":"2022-04-05T11:19:31","modified_gmt":"2022-04-05T14:19:31","slug":"la-textil-argentina-ritex-s-a-instala-una-nueva-planta-de-hilados-de-algodon-y-mezcla","status":"publish","type":"post","link":"https:\/\/comunidadtextil.com\/wpnews\/2022\/04\/la-textil-argentina-ritex-s-a-instala-una-nueva-planta-de-hilados-de-algodon-y-mezcla\/","title":{"rendered":"La textil argentina Ritex S.A. instala una nueva planta de hilados de algod\u00f3n y mezcla"},"content":{"rendered":"<div id=\"attachment_11757\" style=\"width: 126px\" class=\"wp-caption alignright\"><a href=\"https:\/\/comunidadtextil.com\/wpnews\/wp-content\/uploads\/2022\/04\/Bogos-Ekserciyan-presidente-de-Ritex-S.A.-_2-.jpg\"><img loading=\"lazy\" decoding=\"async\" aria-describedby=\"caption-attachment-11757\" class=\" wp-image-11757\" src=\"https:\/\/comunidadtextil.com\/wpnews\/wp-content\/uploads\/2022\/04\/Bogos-Ekserciyan-presidente-de-Ritex-S.A.-_2--218x300.jpg\" alt=\"\" width=\"116\" height=\"160\" srcset=\"https:\/\/comunidadtextil.com\/wpnews\/wp-content\/uploads\/2022\/04\/Bogos-Ekserciyan-presidente-de-Ritex-S.A.-_2--218x300.jpg 218w, https:\/\/comunidadtextil.com\/wpnews\/wp-content\/uploads\/2022\/04\/Bogos-Ekserciyan-presidente-de-Ritex-S.A.-_2--109x150.jpg 109w, https:\/\/comunidadtextil.com\/wpnews\/wp-content\/uploads\/2022\/04\/Bogos-Ekserciyan-presidente-de-Ritex-S.A.-_2-.jpg 300w\" sizes=\"auto, (max-width: 116px) 100vw, 116px\" \/><\/a><p id=\"caption-attachment-11757\" class=\"wp-caption-text\">Bogos Ekserciyan, presidente de Ritex S.A.<\/p><\/div>\n<p>El anuncio lo realiz\u00f3 Bogos Ekserciyan, presidente de Ritex S.A. y presidente de la Uni\u00f3n de Industrias Riojanas. El empresario destac\u00f3 que la nueva planta ser\u00e1 para producir hilados de algod\u00f3n y mezcla de calidad internacional, que tendr\u00e1 tecnolog\u00eda 4.0 y procesos computarizados y generar\u00e1 100 puestos de trabajo.<\/p>\n<p>La compa\u00f1\u00eda Ritex naci\u00f3 en el a\u00f1o 1962 en el barrio de Villa Crespo, en la ciudad de Buenos Aires, de la mano de una familia dedicada a la industria textil. Fue en 1982 que la empresa decidi\u00f3 radicarse en el Parque Industrial de la ciudad capital de la provincia La Rioja y desde entonces desarrolla all\u00ed su actividad de hilander\u00eda, tejedur\u00eda y tintorer\u00eda industrial.<\/p>\n<p>El empresario se\u00f1al\u00f3 que est\u00e1n \u201cmontando una nave nueva que va a estar en producci\u00f3n a fin de mayo de este a\u00f1o, est\u00e1 en pleno proceso de montaje, es una planta de hilander\u00eda, de \u00faltima tecnolog\u00eda 4.0, todo computarizado, va a generar 100 puestos de trabajo\u201d, se\u00f1al\u00f3 el director de Ritex S.A.<\/p>\n<p><a href=\"https:\/\/comunidadtextil.com\/wpnews\/wp-content\/uploads\/2022\/04\/Ritex5-.jpg\"><img loading=\"lazy\" decoding=\"async\" class=\" wp-image-11759 alignleft\" src=\"https:\/\/comunidadtextil.com\/wpnews\/wp-content\/uploads\/2022\/04\/Ritex5--300x155.jpg\" alt=\"\" width=\"243\" height=\"128\" \/><\/a>Ekserciyan explic\u00f3 que actualmente hay \u201ct\u00e9cnicos suizos y alemanes que est\u00e1n trabajando para armar la planta industrial\u201d. Destac\u00f3 asimismo que se trata de \u201cuna planta de hilander\u00eda de \u00faltima generaci\u00f3n para producir hilados de algod\u00f3n y mezcla de calidad internacional, es un plan de sustituci\u00f3n de importaciones. Agreg\u00f3 que ya incorporaron una parte de los t\u00e9cnicos que incluye mano de obra directa y adem\u00e1s mano de obra indirecta tambi\u00e9n que se suma a la actividad industrial.<\/p>\n<p>El empresario remarc\u00f3 tambi\u00e9n que actualmente s\u00f3lo est\u00e1n abasteciendo al mercado interno y que, \u201csi bien estamos en condiciones de exportar, no lo estamos haciendo en este momento\u201d.<br \/>\n&#8212;&#8212;&#8212;&#8212;&#8212;&#8212;&#8212;&#8212;&#8212;&#8212;&#8212;&#8212;&#8212;&#8212;&#8212;&#8212;&#8212;&#8212;&#8212;&#8212;&#8212;&#8212;&#8212;-<br \/>\nTiempo Popular \/ Regi\u00f3n Norte \/ Comunidad Textil<\/p>\n<p>\u2014\u2014\u2014\u2014\u2014\u2014\u2014\u2014\u2014\u2014\u2014\u2014\u2014\u2014\u2014\u2014\u2014\u2014\u2014\u2014\u2014\u2014\u2014\u2014\u2014\u2014\u2014\u2014\u2014\u2014\u2014\u2014\u2014\u2014\u2014\u2014\u2014\u2014\u2014<\/p>\n<p dir=\"ltr\">Para comunicarse con ComunidadTextil: <span style=\"color: #3366ff;\"><a style=\"color: #3366ff;\" href=\"mailto:contacto@comunidadtextil.com\">contacto@comunidadtextil.com<\/a><\/span><\/p>\n<p>&nbsp;<\/p>\n<table border=\"0\" width=\"460\">\n<tbody>\n<tr>\n<td width=\"300\"><a href=\"http:\/\/bit.ly\/2qWIP7i\" target=\"_blank\" rel=\"noopener\"><img loading=\"lazy\" decoding=\"async\" src=\"\/publicidad\/banner-ciai.gif\" alt=\"\" width=\"300\" height=\"153\" border=\"0\" \/><\/a><\/td>\n<td width=\"171\"><a href=\"http:\/\/www.tikvatex.com.ar\" target=\"_blank\" rel=\"noopener\"><img decoding=\"async\" src=\"\/publicidad\/tikvatex062020.png\" alt=\"\" width=\"auto\" height=\"180\" border=\"0\" \/><\/a><\/td>\n<\/tr>\n<\/tbody>\n<\/table>\n","protected":false},"excerpt":{"rendered":"<p>El anuncio lo realiz\u00f3 Bogos Ekserciyan, presidente de Ritex S.A. y presidente de la Uni\u00f3n de Industrias Riojanas. El empresario destac\u00f3 que la nueva planta ser\u00e1 para producir hilados de algod\u00f3n y mezcla de calidad internacional, que tendr\u00e1 tecnolog\u00eda 4.0 y procesos computarizados y generar\u00e1 100 puestos de trabajo. La compa\u00f1\u00eda Ritex naci\u00f3 en el [&hellip;]<\/p>\n","protected":false},"author":1924,"featured_media":0,"comment_status":"closed","ping_status":"closed","sticky":false,"template":"","format":"standard","meta":{"footnotes":""},"categories":[8,49],"tags":[],"class_list":["post-11766","post","type-post","status-publish","format-standard","hentry","category-argentina","category-empresas-negocios","count-0","even alt","author-adminct","last"],"_links":{"self":[{"href":"https:\/\/comunidadtextil.com\/wpnews\/wp-json\/wp\/v2\/posts\/11766","targetHints":{"allow":["GET"]}}],"collection":[{"href":"https:\/\/comunidadtextil.com\/wpnews\/wp-json\/wp\/v2\/posts"}],"about":[{"href":"https:\/\/comunidadtextil.com\/wpnews\/wp-json\/wp\/v2\/types\/post"}],"author":[{"embeddable":true,"href":"https:\/\/comunidadtextil.com\/wpnews\/wp-json\/wp\/v2\/users\/1924"}],"replies":[{"embeddable":true,"href":"https:\/\/comunidadtextil.com\/wpnews\/wp-json\/wp\/v2\/comments?post=11766"}],"version-history":[{"count":4,"href":"https:\/\/comunidadtextil.com\/wpnews\/wp-json\/wp\/v2\/posts\/11766\/revisions"}],"predecessor-version":[{"id":11770,"href":"https:\/\/comunidadtextil.com\/wpnews\/wp-json\/wp\/v2\/posts\/11766\/revisions\/11770"}],"wp:attachment":[{"href":"https:\/\/comunidadtextil.com\/wpnews\/wp-json\/wp\/v2\/media?parent=11766"}],"wp:term":[{"taxonomy":"category","embeddable":true,"href":"https:\/\/comunidadtextil.com\/wpnews\/wp-json\/wp\/v2\/categories?post=11766"},{"taxonomy":"post_tag","embeddable":true,"href":"https:\/\/comunidadtextil.com\/wpnews\/wp-json\/wp\/v2\/tags?post=11766"}],"curies":[{"name":"wp","href":"https:\/\/api.w.org\/{rel}","templated":true}]}}