{"id":11686,"date":"2022-03-25T11:23:23","date_gmt":"2022-03-25T14:23:23","guid":{"rendered":"http:\/\/comunidadtextil.com\/wpnews\/?p=11686"},"modified":"2022-03-25T11:23:23","modified_gmt":"2022-03-25T14:23:23","slug":"argentina-logro-en-los-ultimos-meses-un-fuerte-aumento-en-las-exportaciones-de-lana","status":"publish","type":"post","link":"https:\/\/comunidadtextil.com\/wpnews\/2022\/03\/argentina-logro-en-los-ultimos-meses-un-fuerte-aumento-en-las-exportaciones-de-lana\/","title":{"rendered":"Argentina logr\u00f3 en los \u00faltimos meses un fuerte aumento en las exportaciones de lana"},"content":{"rendered":"<p>Seg\u00fan los datos aportados por la Federaci\u00f3n Lanera Argentina (FLA), los ingresos de divisas por la exportaci\u00f3n de lana crecieron un 42% entre julio de 2021 y febrero de 2022. El dato surge al compararlo con el mismo periodo del a\u00f1o anterior. Medido en d\u00f3lares, ese lapso arroj\u00f3 ventas por US$ 107,7 millones mientras que la medici\u00f3n anterior fue de US$ 75.4 millones.<\/p>\n<table>\n<tbody>\n<tr>\n<td><a href=\"https:\/\/comunidadtextil.com\/wpnews\/wp-content\/uploads\/2022\/03\/Lana-.jpg\"><img decoding=\"async\" class=\"size-medium wp-image-11683 aligncenter\" src=\"https:\/\/comunidadtextil.com\/wpnews\/wp-content\/uploads\/2022\/03\/Lana--300x187.jpg\" alt=\"\" width=\"auto\" height=\"170\" srcset=\"https:\/\/comunidadtextil.com\/wpnews\/wp-content\/uploads\/2022\/03\/Lana--300x187.jpg 300w, https:\/\/comunidadtextil.com\/wpnews\/wp-content\/uploads\/2022\/03\/Lana--768x479.jpg 768w, https:\/\/comunidadtextil.com\/wpnews\/wp-content\/uploads\/2022\/03\/Lana--150x94.jpg 150w, https:\/\/comunidadtextil.com\/wpnews\/wp-content\/uploads\/2022\/03\/Lana-.jpg 770w\" sizes=\"(max-width: 300px) 100vw, 300px\" \/><\/a><\/td>\n<td><a href=\"https:\/\/comunidadtextil.com\/wpnews\/wp-content\/uploads\/2022\/03\/Lana-_2-.jpg\"><img decoding=\"async\" class=\"size-medium wp-image-11684 aligncenter\" src=\"https:\/\/comunidadtextil.com\/wpnews\/wp-content\/uploads\/2022\/03\/Lana-_2--300x171.jpg\" alt=\"\" width=\"auto\" height=\"170\" srcset=\"https:\/\/comunidadtextil.com\/wpnews\/wp-content\/uploads\/2022\/03\/Lana-_2--300x171.jpg 300w, https:\/\/comunidadtextil.com\/wpnews\/wp-content\/uploads\/2022\/03\/Lana-_2--768x438.jpg 768w, https:\/\/comunidadtextil.com\/wpnews\/wp-content\/uploads\/2022\/03\/Lana-_2--150x86.jpg 150w, https:\/\/comunidadtextil.com\/wpnews\/wp-content\/uploads\/2022\/03\/Lana-_2-.jpg 1000w\" sizes=\"(max-width: 300px) 100vw, 300px\" \/><\/a><\/td>\n<\/tr>\n<\/tbody>\n<\/table>\n<p>En ese per\u00edodo la producci\u00f3n de lana alcanz\u00f3 un total de 42.288 toneladas, cantidad levemente inferior a la del per\u00edodo anterior, que fue de 44.610. La mayor parte de esa materia prima se dedica al mercado interno.<\/p>\n<p>El mercado m\u00e1s importante de exportaci\u00f3n de la lana argentina es Alemania, que adquiere 3.824 toneladas y tiene una participaci\u00f3n del 33% del total exportado. En el segundo lugar se encuentra China con 2.060 toneladas y en el tercer puesto figura Italia que compra 1.421 toneladas.<br \/>\n&#8212;&#8212;&#8212;&#8212;&#8212;&#8212;&#8212;&#8212;&#8212;&#8212;&#8212;&#8212;&#8212;&#8212;&#8212;&#8212;&#8212;&#8212;<br \/>\nFashion Network \/ Comunidad Textil<\/p>\n<p>\u2014\u2014\u2014\u2014\u2014\u2014\u2014\u2014\u2014\u2014\u2014\u2014\u2014\u2014\u2014\u2014\u2014\u2014\u2014\u2014\u2014\u2014\u2014\u2014\u2014\u2014\u2014\u2014\u2014\u2014\u2014\u2014\u2014\u2014\u2014\u2014\u2014\u2014\u2014<\/p>\n<p dir=\"ltr\">Para comunicarse con ComunidadTextil: <span style=\"color: #3366ff;\"><a style=\"color: #3366ff;\" href=\"mailto:contacto@comunidadtextil.com\">contacto@comunidadtextil.com<\/a><\/span><\/p>\n<p>&nbsp;<\/p>\n<table border=\"0\" width=\"460\">\n<tbody>\n<tr>\n<td width=\"300\"><a href=\"https:\/\/apps.qreventos.com\/messefrankfurt\/acreditadoLogin\/evento\/3\/1\/es?wt_mc=emitex-simatex-confemaq.ar.display.media.comunidadtextil\" target=\"_blank\" rel=\"noopener\"><img loading=\"lazy\" decoding=\"async\" src=\"\/publicidad\/2022\/esc2022-banner-300x200.gif\" alt=\"\" width=\"300\" height=\"200\" border=\"0\" \/><\/a><\/td>\n<td width=\"171\"><a href=\"https:\/\/algoselanflandria.com.ar\/\" target=\"_blank\" rel=\"noopener\"><img loading=\"lazy\" decoding=\"async\" src=\"http:\/\/comunidadtextil.com\/publicidad\/af-2020-300x200px.gif\" alt=\"\" width=\"300\" height=\"200\" border=\"0\" \/><\/a><\/td>\n<\/tr>\n<\/tbody>\n<\/table>\n","protected":false},"excerpt":{"rendered":"<p>Seg\u00fan los datos aportados por la Federaci\u00f3n Lanera Argentina (FLA), los ingresos de divisas por la exportaci\u00f3n de lana crecieron un 42% entre julio de 2021 y febrero de 2022. El dato surge al compararlo con el mismo periodo del a\u00f1o anterior. Medido en d\u00f3lares, ese lapso arroj\u00f3 ventas por US$ 107,7 millones mientras que [&hellip;]<\/p>\n","protected":false},"author":1924,"featured_media":0,"comment_status":"closed","ping_status":"closed","sticky":false,"template":"","format":"standard","meta":{"footnotes":""},"categories":[8,76],"tags":[],"class_list":["post-11686","post","type-post","status-publish","format-standard","hentry","category-argentina","category-materias-primas","count-0","even alt","author-adminct","last"],"_links":{"self":[{"href":"https:\/\/comunidadtextil.com\/wpnews\/wp-json\/wp\/v2\/posts\/11686","targetHints":{"allow":["GET"]}}],"collection":[{"href":"https:\/\/comunidadtextil.com\/wpnews\/wp-json\/wp\/v2\/posts"}],"about":[{"href":"https:\/\/comunidadtextil.com\/wpnews\/wp-json\/wp\/v2\/types\/post"}],"author":[{"embeddable":true,"href":"https:\/\/comunidadtextil.com\/wpnews\/wp-json\/wp\/v2\/users\/1924"}],"replies":[{"embeddable":true,"href":"https:\/\/comunidadtextil.com\/wpnews\/wp-json\/wp\/v2\/comments?post=11686"}],"version-history":[{"count":3,"href":"https:\/\/comunidadtextil.com\/wpnews\/wp-json\/wp\/v2\/posts\/11686\/revisions"}],"predecessor-version":[{"id":11689,"href":"https:\/\/comunidadtextil.com\/wpnews\/wp-json\/wp\/v2\/posts\/11686\/revisions\/11689"}],"wp:attachment":[{"href":"https:\/\/comunidadtextil.com\/wpnews\/wp-json\/wp\/v2\/media?parent=11686"}],"wp:term":[{"taxonomy":"category","embeddable":true,"href":"https:\/\/comunidadtextil.com\/wpnews\/wp-json\/wp\/v2\/categories?post=11686"},{"taxonomy":"post_tag","embeddable":true,"href":"https:\/\/comunidadtextil.com\/wpnews\/wp-json\/wp\/v2\/tags?post=11686"}],"curies":[{"name":"wp","href":"https:\/\/api.w.org\/{rel}","templated":true}]}}