{"id":11462,"date":"2022-02-01T10:41:18","date_gmt":"2022-02-01T13:41:18","guid":{"rendered":"http:\/\/comunidadtextil.com\/wpnews\/?p=11462"},"modified":"2022-02-01T10:42:19","modified_gmt":"2022-02-01T13:42:19","slug":"en-2021-la-industria-textil-y-confeccionista-de-argentina-tuvo-un-crecimiento-del-407","status":"publish","type":"post","link":"https:\/\/comunidadtextil.com\/wpnews\/2022\/02\/en-2021-la-industria-textil-y-confeccionista-de-argentina-tuvo-un-crecimiento-del-407\/","title":{"rendered":"En 2021 la industria textil y Confeccionista de Argentina tuvo un crecimiento del 40,7%"},"content":{"rendered":"<p><a href=\"https:\/\/comunidadtextil.com\/wpnews\/wp-content\/uploads\/2022\/02\/industria-textil-e1456758907303.jpg\"><img loading=\"lazy\" decoding=\"async\" class=\" wp-image-11445 alignleft\" src=\"https:\/\/comunidadtextil.com\/wpnews\/wp-content\/uploads\/2022\/02\/industria-textil-e1456758907303-300x227.jpg\" alt=\"\" width=\"210\" height=\"160\" srcset=\"https:\/\/comunidadtextil.com\/wpnews\/wp-content\/uploads\/2022\/02\/industria-textil-e1456758907303-300x227.jpg 300w, https:\/\/comunidadtextil.com\/wpnews\/wp-content\/uploads\/2022\/02\/industria-textil-e1456758907303-150x113.jpg 150w, https:\/\/comunidadtextil.com\/wpnews\/wp-content\/uploads\/2022\/02\/industria-textil-e1456758907303.jpg 490w\" sizes=\"auto, (max-width: 210px) 100vw, 210px\" \/><\/a>Seg\u00fan un informe de la Confederaci\u00f3n Argentina de la Mediana Empresa (CAME), el rubro de indumentaria y textil marc\u00f3 un aumento en el acumulado de 2021, creci\u00f3 un 40,7 % y un 3 % en comparaci\u00f3n con 2019, previo a la pandemia del coronavirus. Asimismo, el sector logr\u00f3 un 39.9% comparado con el mismo mes del a\u00f1o anterior.<\/p>\n<p>Desde la C\u00e1mara se\u00f1alaron que \u201cEl consumo firme por las fiestas, la buena temporada de verano y el freno a los ingresos de productos importados empuj\u00f3 desde hace meses a esta industria\u201d. Por otro lado, \u201csobre fin de diciembre, este sector comenz\u00f3 a mostrar restricciones por la ausencia de personal contagiado con coronavirus o por contacto estrecho\u201d agregaron.<\/p>\n<p><a href=\"https:\/\/comunidadtextil.com\/wpnews\/wp-content\/uploads\/2022\/02\/Industria-confeccionista_5-.jpg\"><img loading=\"lazy\" decoding=\"async\" class=\"alignright wp-image-11447\" src=\"https:\/\/comunidadtextil.com\/wpnews\/wp-content\/uploads\/2022\/02\/Industria-confeccionista_5--300x169.jpg\" alt=\"\" width=\"240\" height=\"137\" \/><\/a>El alza en la producci\u00f3n de estos sectores se enmarca en el crecimiento general que tuvo la industria PYME argentina durante el a\u00f1o pasado. En 2021 hubo un aumento del 22% en comparaci\u00f3n con el 2020.<\/p>\n<p>En lo que respecta al calzado y la marroquiner\u00eda, durante 2021 el rubro creci\u00f3 un 23.2% en comparaci\u00f3n con el a\u00f1o anterior.<br \/>\n&#8212;&#8212;&#8212;&#8212;&#8212;&#8212;&#8212;&#8212;&#8212;&#8212;&#8212;&#8212;&#8212;&#8212;&#8212;&#8212;&#8212;&#8212;-<br \/>\nFashion Network \/ Comunidad Textil<\/p>\n<p>\u2014\u2014\u2014\u2014\u2014\u2014\u2014\u2014\u2014\u2014\u2014\u2014\u2014\u2014\u2014\u2014\u2014\u2014\u2014\u2014\u2014\u2014\u2014\u2014\u2014\u2014\u2014\u2014\u2014\u2014\u2014\u2014\u2014\u2014\u2014\u2014\u2014\u2014\u2014<\/p>\n<p dir=\"ltr\">Para comunicarse con ComunidadTextil: <span style=\"color: #3366ff;\"><a style=\"color: #3366ff;\" href=\"mailto:contacto@comunidadtextil.com\">contacto@comunidadtextil.com<\/a><\/span><\/p>\n<table border=\"0\" width=\"460\">\n<tbody>\n<tr>\n<td width=\"300\"><a href=\"https:\/\/www.lwc-visual.com\/\" target=\"_blank\" rel=\"noopener\"><img loading=\"lazy\" decoding=\"async\" src=\"\/publicidad\/manegtext.jpg\" width=\"300\" height=\"200\" \/><\/a><\/td>\n<td width=\"171\"><a href=\"http:\/\/www.tintoreanatur.com\" target=\"_blank\" rel=\"noopener\"><img loading=\"lazy\" decoding=\"async\" src=\"\/publicidad\/tintoreanatur-banner-300x200_2021.jpg\" alt=\"\" width=\"301\" height=\"201\" \/><\/a><\/td>\n<\/tr>\n<\/tbody>\n<\/table>\n","protected":false},"excerpt":{"rendered":"<p>Seg\u00fan un informe de la Confederaci\u00f3n Argentina de la Mediana Empresa (CAME), el rubro de indumentaria y textil marc\u00f3 un aumento en el acumulado de 2021, creci\u00f3 un 40,7 % y un 3 % en comparaci\u00f3n con 2019, previo a la pandemia del coronavirus. Asimismo, el sector logr\u00f3 un 39.9% comparado con el mismo mes [&hellip;]<\/p>\n","protected":false},"author":1924,"featured_media":0,"comment_status":"closed","ping_status":"closed","sticky":false,"template":"","format":"standard","meta":{"footnotes":""},"categories":[8,58],"tags":[],"class_list":["post-11462","post","type-post","status-publish","format-standard","hentry","category-argentina","category-noticias-de-america-latina","count-0","even alt","author-adminct","last"],"_links":{"self":[{"href":"https:\/\/comunidadtextil.com\/wpnews\/wp-json\/wp\/v2\/posts\/11462","targetHints":{"allow":["GET"]}}],"collection":[{"href":"https:\/\/comunidadtextil.com\/wpnews\/wp-json\/wp\/v2\/posts"}],"about":[{"href":"https:\/\/comunidadtextil.com\/wpnews\/wp-json\/wp\/v2\/types\/post"}],"author":[{"embeddable":true,"href":"https:\/\/comunidadtextil.com\/wpnews\/wp-json\/wp\/v2\/users\/1924"}],"replies":[{"embeddable":true,"href":"https:\/\/comunidadtextil.com\/wpnews\/wp-json\/wp\/v2\/comments?post=11462"}],"version-history":[{"count":2,"href":"https:\/\/comunidadtextil.com\/wpnews\/wp-json\/wp\/v2\/posts\/11462\/revisions"}],"predecessor-version":[{"id":11465,"href":"https:\/\/comunidadtextil.com\/wpnews\/wp-json\/wp\/v2\/posts\/11462\/revisions\/11465"}],"wp:attachment":[{"href":"https:\/\/comunidadtextil.com\/wpnews\/wp-json\/wp\/v2\/media?parent=11462"}],"wp:term":[{"taxonomy":"category","embeddable":true,"href":"https:\/\/comunidadtextil.com\/wpnews\/wp-json\/wp\/v2\/categories?post=11462"},{"taxonomy":"post_tag","embeddable":true,"href":"https:\/\/comunidadtextil.com\/wpnews\/wp-json\/wp\/v2\/tags?post=11462"}],"curies":[{"name":"wp","href":"https:\/\/api.w.org\/{rel}","templated":true}]}}