{"id":11232,"date":"2021-12-09T11:54:26","date_gmt":"2021-12-09T14:54:26","guid":{"rendered":"http:\/\/comunidadtextil.com\/wpnews\/?p=11232"},"modified":"2021-12-09T11:54:26","modified_gmt":"2021-12-09T14:54:26","slug":"la-crisis-de-los-contenedores-genera-aumento-de-precios-y-gran-faltante-de-productos","status":"publish","type":"post","link":"https:\/\/comunidadtextil.com\/wpnews\/2021\/12\/la-crisis-de-los-contenedores-genera-aumento-de-precios-y-gran-faltante-de-productos\/","title":{"rendered":"La crisis de los contenedores genera aumento de precios y gran faltante de productos"},"content":{"rendered":"<p><a href=\"https:\/\/comunidadtextil.com\/wpnews\/wp-content\/uploads\/2021\/12\/PUERTO-.jpg\"><img loading=\"lazy\" decoding=\"async\" class=\"alignright wp-image-11231\" src=\"https:\/\/comunidadtextil.com\/wpnews\/wp-content\/uploads\/2021\/12\/PUERTO--300x164.jpg\" alt=\"\" width=\"248\" height=\"138\" \/><\/a>Un informe de publicado por Prospecta, la entidad del sector calzado de M\u00e9xico, se\u00f1ala que dentro de los problemas globales que ha tra\u00eddo la pandemia por Covid-19, el aumento en los costos de transporte y la dificultad para conseguir contenedores disponibles est\u00e1 generando aumento de precios y faltantes de productos.<\/p>\n<p>En marzo de 2020 enviar un contenedor de China a M\u00e9xico ten\u00eda un valor de US$ 1.373, mientras que actualmernte ese costo se ha disparado a US$ 13.500 seg\u00fan inform\u00f3 la Secretar\u00eda de Marina y la Coordinaci\u00f3n General de Puertos y Marina Mercante Mexicana.<\/p>\n<p>El problema se agudiza con la falta de contenedores debido al aumento de la demanda y el crecimiento de las compras online. La situaci\u00f3n se ve reflejada en el incremento del precio de productos provenientes de Asia como ropa y calzado de acuerdo a lo manifestado por Fernando Ruiz Huarte, director del Consejo Empresarial Mexicano de Comercio Exterior, Inversi\u00f3n y Tecnolog\u00eda (Comce).<\/p>\n<p><a href=\"https:\/\/comunidadtextil.com\/wpnews\/wp-content\/uploads\/2021\/12\/PUERTO-Containers-_2-.jpg\"><img loading=\"lazy\" decoding=\"async\" class=\" wp-image-11230 alignleft\" src=\"https:\/\/comunidadtextil.com\/wpnews\/wp-content\/uploads\/2021\/12\/PUERTO-Containers-_2-.jpg\" alt=\"\" width=\"244\" height=\"164\" \/><\/a>La compa\u00f1\u00eda de log\u00edstica Maersk afirm\u00f3 que \u201cel problema se debe principalmente a las interrupciones en la cadena de suministros, el aumento en los costos de los embarques mar\u00edtimos, la escasez de espacios mar\u00edtimos, los atascos en puertos y la alta dependencia del comercio mundial con China\u201d.<\/p>\n<p>Otro de los inconvenientes que traer\u00eda aparejada esta crisis de contenedores es que muchos regalos comprados para Navidad llegar\u00edan a destino reci\u00e9n en enero de 2022. Fernando Ruiz Huarte, director del Consejo Empresarial Mexicano de Comercio Exterior, Inversi\u00f3n y Tecnolog\u00eda (Comce) estim\u00f3 que la situaci\u00f3n \u201cpodr\u00eda estabilizarse hasta dentro de un a\u00f1o\u201d.<br \/>\n&#8212;&#8212;&#8212;&#8212;&#8212;&#8212;&#8212;&#8212;&#8212;&#8212;&#8212;&#8212;&#8212;&#8212;&#8211;<br \/>\nProspecta \/ Comunidad Textil<\/p>\n<p>\u2014\u2014\u2014\u2014\u2014\u2014\u2014\u2014\u2014\u2014\u2014\u2014\u2014\u2014\u2014\u2014\u2014\u2014\u2014\u2014\u2014\u2014\u2014\u2014\u2014\u2014\u2014\u2014\u2014\u2014\u2014\u2014\u2014\u2014\u2014\u2014\u2014\u2014\u2014<\/p>\n<p dir=\"ltr\">Para comunicarse con ComunidadTextil: <span style=\"color: #3366ff;\"><a style=\"color: #3366ff;\" href=\"mailto:contacto@comunidadtextil.com\">contacto@comunidadtextil.com<\/a><\/span><\/p>\n<table border=\"0\" width=\"460\">\n<tbody>\n<tr>\n<td width=\"300\"><a href=\"https:\/\/algoselanflandria.com.ar\/\" target=\"_blank\" rel=\"noopener noreferrer\"><img loading=\"lazy\" decoding=\"async\" src=\"http:\/\/comunidadtextil.com\/publicidad\/af-2020-300x200px.gif\" alt=\"\" width=\"300\" height=\"200\" border=\"0\" \/><\/a><\/td>\n<td width=\"171\"><a href=\"http:\/\/www.tikvatex.com.ar\" target=\"_blank\" rel=\"noopener noreferrer\"><img loading=\"lazy\" decoding=\"async\" src=\"\/publicidad\/tikvatex062020.png\" alt=\"\" width=\"300\" height=\"190\" border=\"0\" \/><\/a><\/td>\n<\/tr>\n<\/tbody>\n<\/table>\n","protected":false},"excerpt":{"rendered":"<p>Un informe de publicado por Prospecta, la entidad del sector calzado de M\u00e9xico, se\u00f1ala que dentro de los problemas globales que ha tra\u00eddo la pandemia por Covid-19, el aumento en los costos de transporte y la dificultad para conseguir contenedores disponibles est\u00e1 generando aumento de precios y faltantes de productos. En marzo de 2020 enviar [&hellip;]<\/p>\n","protected":false},"author":1924,"featured_media":0,"comment_status":"closed","ping_status":"closed","sticky":false,"template":"","format":"standard","meta":{"footnotes":""},"categories":[70,58],"tags":[],"class_list":["post-11232","post","type-post","status-publish","format-standard","hentry","category-crisis","category-noticias-de-america-latina","count-0","even alt","author-adminct","last"],"_links":{"self":[{"href":"https:\/\/comunidadtextil.com\/wpnews\/wp-json\/wp\/v2\/posts\/11232","targetHints":{"allow":["GET"]}}],"collection":[{"href":"https:\/\/comunidadtextil.com\/wpnews\/wp-json\/wp\/v2\/posts"}],"about":[{"href":"https:\/\/comunidadtextil.com\/wpnews\/wp-json\/wp\/v2\/types\/post"}],"author":[{"embeddable":true,"href":"https:\/\/comunidadtextil.com\/wpnews\/wp-json\/wp\/v2\/users\/1924"}],"replies":[{"embeddable":true,"href":"https:\/\/comunidadtextil.com\/wpnews\/wp-json\/wp\/v2\/comments?post=11232"}],"version-history":[{"count":1,"href":"https:\/\/comunidadtextil.com\/wpnews\/wp-json\/wp\/v2\/posts\/11232\/revisions"}],"predecessor-version":[{"id":11233,"href":"https:\/\/comunidadtextil.com\/wpnews\/wp-json\/wp\/v2\/posts\/11232\/revisions\/11233"}],"wp:attachment":[{"href":"https:\/\/comunidadtextil.com\/wpnews\/wp-json\/wp\/v2\/media?parent=11232"}],"wp:term":[{"taxonomy":"category","embeddable":true,"href":"https:\/\/comunidadtextil.com\/wpnews\/wp-json\/wp\/v2\/categories?post=11232"},{"taxonomy":"post_tag","embeddable":true,"href":"https:\/\/comunidadtextil.com\/wpnews\/wp-json\/wp\/v2\/tags?post=11232"}],"curies":[{"name":"wp","href":"https:\/\/api.w.org\/{rel}","templated":true}]}}