{"id":11227,"date":"2021-12-09T11:47:58","date_gmt":"2021-12-09T14:47:58","guid":{"rendered":"http:\/\/comunidadtextil.com\/wpnews\/?p=11227"},"modified":"2021-12-09T11:47:58","modified_gmt":"2021-12-09T14:47:58","slug":"los-minoristas-de-eeuu-ven-a-sus-plataformas-de-venta-online-como-un-negocio-aparte","status":"publish","type":"post","link":"https:\/\/comunidadtextil.com\/wpnews\/2021\/12\/los-minoristas-de-eeuu-ven-a-sus-plataformas-de-venta-online-como-un-negocio-aparte\/","title":{"rendered":"Los minoristas de EEUU ven a sus plataformas de venta online como un negocio aparte"},"content":{"rendered":"<p><a href=\"https:\/\/comunidadtextil.com\/wpnews\/wp-content\/uploads\/2021\/12\/retailes_4a.jpg\"><img loading=\"lazy\" decoding=\"async\" class=\"wp-image-11213 alignleft\" src=\"https:\/\/comunidadtextil.com\/wpnews\/wp-content\/uploads\/2021\/12\/retailes_4a-300x169.jpg\" alt=\"\" width=\"248\" height=\"142\" \/><\/a>Recientemente un grupo inversor que tiene una porci\u00f3n del paquete accionario Kohl&#8217;s, una de la mayores cadenas minoristas de grandes tiendas, inst\u00f3 a la compa\u00f1\u00eda a que separe sus negocios f\u00edsicos y digitales. La propuesta esta en l\u00ednea con que cada vez m\u00e1s minoristas adoptan una estrategia similar. Probablemente la propuesta de escindirlos del sector de tiendas f\u00edsicas, sea otorgarles independencia y organizar su salida a la bolsa como negocio independiente.<\/p>\n<p><a href=\"https:\/\/comunidadtextil.com\/wpnews\/wp-content\/uploads\/2021\/12\/7-Copy.png\"><img loading=\"lazy\" decoding=\"async\" class=\"wp-image-11199 alignright\" src=\"https:\/\/comunidadtextil.com\/wpnews\/wp-content\/uploads\/2021\/12\/7-Copy-300x225.png\" alt=\"\" width=\"240\" height=\"181\" srcset=\"https:\/\/comunidadtextil.com\/wpnews\/wp-content\/uploads\/2021\/12\/7-Copy-300x225.png 300w, https:\/\/comunidadtextil.com\/wpnews\/wp-content\/uploads\/2021\/12\/7-Copy-768x576.png 768w, https:\/\/comunidadtextil.com\/wpnews\/wp-content\/uploads\/2021\/12\/7-Copy-150x113.png 150w, https:\/\/comunidadtextil.com\/wpnews\/wp-content\/uploads\/2021\/12\/7-Copy.png 800w\" sizes=\"auto, (max-width: 240px) 100vw, 240px\" \/><\/a>En la carta p\u00fablica enviada al directorio de Kohl&#8217;s el inversor Engine Capital LP, que posee el 1% de las acciones en circulaci\u00f3n de Kohl&#8217;s, pidi\u00f3 a la compa\u00f1\u00eda que separara su negocio de comercio electr\u00f3nico de las tiendas f\u00edsicas. Engine dijo en la carta que cree que la administraci\u00f3n de la compa\u00f1\u00eda no ha utilizado adecuadamente estos activos \u201cpara generar el mayor valor posible para los accionistas\u201d.<\/p>\n<p>A medida que las ventas digitales se disparan en la pandemia, algunos inversores han expresado sus sugerencias para que dividan sus negocios de comercio electr\u00f3nico y tiendas. En octubre, Jana Partners LLC tom\u00f3 una participaci\u00f3n en Macy&#8217;s y envi\u00f3 una carta presionando al minorista para que dividiera sus negocios en l\u00ednea y en tiendas para capitalizar un impresionante crecimiento digital en los \u00faltimos trimestres. En noviembre, otros accionistas de Macy&#8217;s, NuOrion Advisors LLC, enviaron una carta abierta al presidente de la junta solicitando la formaci\u00f3n de un \u201cComit\u00e9 Especial Digital\u201d para supervisar propuestas espec\u00edficas para su negocio digital.<\/p>\n<p><a href=\"https:\/\/comunidadtextil.com\/wpnews\/wp-content\/uploads\/2021\/12\/1-.jpg\"><img loading=\"lazy\" decoding=\"async\" class=\" wp-image-11194 alignleft\" src=\"https:\/\/comunidadtextil.com\/wpnews\/wp-content\/uploads\/2021\/12\/1--300x150.jpg\" alt=\"\" width=\"239\" height=\"122\" \/><\/a>En marzo, la empresa matriz de Saks Fifth Avenue, Hudson&#8217;s Bay Co., dividi\u00f3 el sitio web y las tiendas del minorista en dos negocios separados. Seg\u00fan un informe, la rama de comercio electr\u00f3nico de esta divisi\u00f3n ha comenzado los preparativos para presentar una oferta p\u00fablica inicial.<\/p>\n<p>Un informe de la publicaci\u00f3n Sourcing Journal, apunt\u00f3 que Macy&#8217;s Inc. \u201crecientemente contrat\u00f3 a la persona detr\u00e1s de esta divisi\u00f3n\u201d, lo que alimenta la posibilidad de un movimiento similar en el futuro.<br \/>\n&#8212;&#8212;&#8212;&#8212;&#8212;&#8212;&#8212;&#8212;&#8212;&#8212;&#8212;&#8212;<br \/>\nFN \/ Comunidad Textil<\/p>\n<p>\u2014\u2014\u2014\u2014\u2014\u2014\u2014\u2014\u2014\u2014\u2014\u2014\u2014\u2014\u2014\u2014\u2014\u2014\u2014\u2014\u2014\u2014\u2014\u2014\u2014\u2014\u2014\u2014\u2014\u2014\u2014\u2014\u2014\u2014\u2014\u2014\u2014\u2014\u2014<\/p>\n<p dir=\"ltr\">Para comunicarse con ComunidadTextil: <span style=\"color: #3366ff;\"><a style=\"color: #3366ff;\" href=\"mailto:contacto@comunidadtextil.com\">contacto@comunidadtextil.com<\/a><\/span><\/p>\n<table border=\"0\" width=\"460\">\n<tbody>\n<tr>\n<td width=\"300\"><a href=\"https:\/\/www.thermore.com\/click_counter.php?\/campagna=577\" target=\"_blank\" rel=\"noopener noreferrer\"><img loading=\"lazy\" decoding=\"async\" src=\"\/publicidad\/thermore2021b.jpg\" alt=\"\" width=\"300\" height=\"200\" border=\"0\" \/><\/a><\/td>\n<td width=\"171\"><a href=\"https:\/\/www.lwc-visual.com\/\" target=\"_blank\" rel=\"noopener noreferrer\"><img loading=\"lazy\" decoding=\"async\" src=\"\/publicidad\/manegtext.jpg\" width=\"300\" height=\"200\" \/><\/a><\/td>\n<\/tr>\n<\/tbody>\n<\/table>\n","protected":false},"excerpt":{"rendered":"<p>Recientemente un grupo inversor que tiene una porci\u00f3n del paquete accionario Kohl&#8217;s, una de la mayores cadenas minoristas de grandes tiendas, inst\u00f3 a la compa\u00f1\u00eda a que separe sus negocios f\u00edsicos y digitales. La propuesta esta en l\u00ednea con que cada vez m\u00e1s minoristas adoptan una estrategia similar. Probablemente la propuesta de escindirlos del sector [&hellip;]<\/p>\n","protected":false},"author":1924,"featured_media":0,"comment_status":"closed","ping_status":"closed","sticky":false,"template":"","format":"standard","meta":{"footnotes":""},"categories":[57,59],"tags":[],"class_list":["post-11227","post","type-post","status-publish","format-standard","hentry","category-mercados","category-noticias-de-america-del-norte","count-0","even alt","author-adminct","last"],"_links":{"self":[{"href":"https:\/\/comunidadtextil.com\/wpnews\/wp-json\/wp\/v2\/posts\/11227","targetHints":{"allow":["GET"]}}],"collection":[{"href":"https:\/\/comunidadtextil.com\/wpnews\/wp-json\/wp\/v2\/posts"}],"about":[{"href":"https:\/\/comunidadtextil.com\/wpnews\/wp-json\/wp\/v2\/types\/post"}],"author":[{"embeddable":true,"href":"https:\/\/comunidadtextil.com\/wpnews\/wp-json\/wp\/v2\/users\/1924"}],"replies":[{"embeddable":true,"href":"https:\/\/comunidadtextil.com\/wpnews\/wp-json\/wp\/v2\/comments?post=11227"}],"version-history":[{"count":1,"href":"https:\/\/comunidadtextil.com\/wpnews\/wp-json\/wp\/v2\/posts\/11227\/revisions"}],"predecessor-version":[{"id":11228,"href":"https:\/\/comunidadtextil.com\/wpnews\/wp-json\/wp\/v2\/posts\/11227\/revisions\/11228"}],"wp:attachment":[{"href":"https:\/\/comunidadtextil.com\/wpnews\/wp-json\/wp\/v2\/media?parent=11227"}],"wp:term":[{"taxonomy":"category","embeddable":true,"href":"https:\/\/comunidadtextil.com\/wpnews\/wp-json\/wp\/v2\/categories?post=11227"},{"taxonomy":"post_tag","embeddable":true,"href":"https:\/\/comunidadtextil.com\/wpnews\/wp-json\/wp\/v2\/tags?post=11227"}],"curies":[{"name":"wp","href":"https:\/\/api.w.org\/{rel}","templated":true}]}}