{"id":10953,"date":"2021-10-22T10:11:55","date_gmt":"2021-10-22T13:11:55","guid":{"rendered":"http:\/\/comunidadtextil.com\/wpnews\/?p=10953"},"modified":"2021-10-22T10:12:42","modified_gmt":"2021-10-22T13:12:42","slug":"fuerte-aumento-del-empleo-y-las-exportaciones-en-la-industria-textil-de-el-salvador","status":"publish","type":"post","link":"https:\/\/comunidadtextil.com\/wpnews\/2021\/10\/fuerte-aumento-del-empleo-y-las-exportaciones-en-la-industria-textil-de-el-salvador\/","title":{"rendered":"Fuerte aumento del empleo y las exportaciones en la industria textil de El Salvador"},"content":{"rendered":"<p>Durante el primer semestre del a\u00f1o, la industria textil de El Salvador gener\u00f3 exportaciones por 1.552 millones de d\u00f3lares, mostrando una fuerte recuperaci\u00f3n frente a los resultados del 2020. El sistema de maquila desarrollado por el pa\u00eds de Centro Am\u00e9rica mantiene una fuerte vinculaci\u00f3n con el sector minorista de los Estados Unidos.<\/p>\n<div id=\"attachment_10936\" style=\"width: 147px\" class=\"wp-caption alignright\"><a href=\"https:\/\/comunidadtextil.com\/wpnews\/wp-content\/uploads\/2021\/10\/Silvia-Cuellar-directora-de-la-Corporacion-de-Exportadores-de-El-Salvador-Coexport-.jpg\"><img loading=\"lazy\" decoding=\"async\" aria-describedby=\"caption-attachment-10936\" class=\" wp-image-10936\" src=\"https:\/\/comunidadtextil.com\/wpnews\/wp-content\/uploads\/2021\/10\/Silvia-Cuellar-directora-de-la-Corporacion-de-Exportadores-de-El-Salvador-Coexport--218x300.jpg\" alt=\"\" width=\"137\" height=\"189\" srcset=\"https:\/\/comunidadtextil.com\/wpnews\/wp-content\/uploads\/2021\/10\/Silvia-Cuellar-directora-de-la-Corporacion-de-Exportadores-de-El-Salvador-Coexport--218x300.jpg 218w, https:\/\/comunidadtextil.com\/wpnews\/wp-content\/uploads\/2021\/10\/Silvia-Cuellar-directora-de-la-Corporacion-de-Exportadores-de-El-Salvador-Coexport--109x150.jpg 109w, https:\/\/comunidadtextil.com\/wpnews\/wp-content\/uploads\/2021\/10\/Silvia-Cuellar-directora-de-la-Corporacion-de-Exportadores-de-El-Salvador-Coexport-.jpg 486w\" sizes=\"auto, (max-width: 137px) 100vw, 137px\" \/><\/a><p id=\"caption-attachment-10936\" class=\"wp-caption-text\">Silvia Cu\u00e9llar, directora de la Corporaci\u00f3n de Exportadores de El Salvador (Coexport).<\/p><\/div>\n<p>Con este volumen de ventas al exterior, el sector crea actualmente m\u00e1s de 76.000 empleos directos y 152.000 empleos indirectos adem\u00e1s de ser la industria que m\u00e1s divisas genera al ser la responsable del 40% de las exportaciones totales del pa\u00eds, seg\u00fan inform\u00f3 Silvia Cu\u00e9llar, directora de la Corporaci\u00f3n de Exportadores de El Salvador (Coexport).<\/p>\n<p>Si bien Estados Unidos sigue siendo el principal socio comercial, hecho que genera cierta controversia por la dependencia con un solo pa\u00eds, los empresarios salvadore\u00f1os han reforzado sus relaciones con compradores de otros lugares del mundo para aumentar el volumen que exportan a nuevos clientes.<br \/>\n&#8212;&#8212;&#8212;&#8212;&#8212;&#8212;&#8212;&#8212;&#8212;&#8212;&#8212;&#8212;&#8212;&#8212;&#8212;&#8212;&#8212;&#8212;<br \/>\nFashion Network \/ Comunidad Textil<\/p>\n<p>\u2014\u2014\u2014\u2014\u2014\u2014\u2014\u2014\u2014\u2014\u2014\u2014\u2014\u2014\u2014\u2014\u2014\u2014\u2014\u2014\u2014\u2014\u2014\u2014\u2014\u2014\u2014\u2014\u2014\u2014\u2014\u2014\u2014\u2014\u2014\u2014\u2014\u2014\u2014<\/p>\n<p dir=\"ltr\">Para comunicarse con ComunidadTextil: <span style=\"color: #3366ff;\"><a style=\"color: #3366ff;\" href=\"mailto:contacto@comunidadtextil.com\">contacto@comunidadtextil.com<\/a><\/span><\/p>\n<table border=\"0\" width=\"460\">\n<tbody>\n<tr>\n<td width=\"300\"><a href=\"http:\/\/www.tintoreanatur.com\" target=\"_blank\" rel=\"noopener noreferrer\"><img decoding=\"async\" src=\"\/publicidad\/tintoreanatur-banner-300x200_2021.jpg\" alt=\"\" width=\"290\" height=\"auto\" \/><\/a><\/td>\n<td width=\"171\"><a href=\"http:\/\/www.actibiz.com.ar\" target=\"_blank\" rel=\"noopener noreferrer\"><img decoding=\"async\" src=\"\/publicidad\/actibiz2019.jpg\" alt=\"\" width=\"290\" height=\"auto\" border=\"0\" \/><\/a><\/td>\n<\/tr>\n<\/tbody>\n<\/table>\n","protected":false},"excerpt":{"rendered":"<p>Durante el primer semestre del a\u00f1o, la industria textil de El Salvador gener\u00f3 exportaciones por 1.552 millones de d\u00f3lares, mostrando una fuerte recuperaci\u00f3n frente a los resultados del 2020. El sistema de maquila desarrollado por el pa\u00eds de Centro Am\u00e9rica mantiene una fuerte vinculaci\u00f3n con el sector minorista de los Estados Unidos. Con este volumen [&hellip;]<\/p>\n","protected":false},"author":1924,"featured_media":0,"comment_status":"closed","ping_status":"closed","sticky":false,"template":"","format":"standard","meta":{"footnotes":""},"categories":[43,58],"tags":[],"class_list":["post-10953","post","type-post","status-publish","format-standard","hentry","category-industria","category-noticias-de-america-latina","count-0","even alt","author-adminct","last"],"_links":{"self":[{"href":"https:\/\/comunidadtextil.com\/wpnews\/wp-json\/wp\/v2\/posts\/10953","targetHints":{"allow":["GET"]}}],"collection":[{"href":"https:\/\/comunidadtextil.com\/wpnews\/wp-json\/wp\/v2\/posts"}],"about":[{"href":"https:\/\/comunidadtextil.com\/wpnews\/wp-json\/wp\/v2\/types\/post"}],"author":[{"embeddable":true,"href":"https:\/\/comunidadtextil.com\/wpnews\/wp-json\/wp\/v2\/users\/1924"}],"replies":[{"embeddable":true,"href":"https:\/\/comunidadtextil.com\/wpnews\/wp-json\/wp\/v2\/comments?post=10953"}],"version-history":[{"count":8,"href":"https:\/\/comunidadtextil.com\/wpnews\/wp-json\/wp\/v2\/posts\/10953\/revisions"}],"predecessor-version":[{"id":10961,"href":"https:\/\/comunidadtextil.com\/wpnews\/wp-json\/wp\/v2\/posts\/10953\/revisions\/10961"}],"wp:attachment":[{"href":"https:\/\/comunidadtextil.com\/wpnews\/wp-json\/wp\/v2\/media?parent=10953"}],"wp:term":[{"taxonomy":"category","embeddable":true,"href":"https:\/\/comunidadtextil.com\/wpnews\/wp-json\/wp\/v2\/categories?post=10953"},{"taxonomy":"post_tag","embeddable":true,"href":"https:\/\/comunidadtextil.com\/wpnews\/wp-json\/wp\/v2\/tags?post=10953"}],"curies":[{"name":"wp","href":"https:\/\/api.w.org\/{rel}","templated":true}]}}