{"id":10903,"date":"2021-10-07T10:36:54","date_gmt":"2021-10-07T13:36:54","guid":{"rendered":"http:\/\/comunidadtextil.com\/wpnews\/?p=10903"},"modified":"2021-10-07T10:36:54","modified_gmt":"2021-10-07T13:36:54","slug":"peru-inicia-un-plan-de-registro-de-informacion-transaccion-y-rastreo-de-la-produccion-textil","status":"publish","type":"post","link":"https:\/\/comunidadtextil.com\/wpnews\/2021\/10\/peru-inicia-un-plan-de-registro-de-informacion-transaccion-y-rastreo-de-la-produccion-textil\/","title":{"rendered":"Per\u00fa inicia un plan de registro de informaci\u00f3n, transacci\u00f3n y rastreo de la producci\u00f3n textil"},"content":{"rendered":"<div id=\"attachment_10890\" style=\"width: 253px\" class=\"wp-caption alignleft\"><a href=\"https:\/\/comunidadtextil.com\/wpnews\/wp-content\/uploads\/2021\/10\/Recolectora-de-algodon-en-Peru_1.jpg\"><img loading=\"lazy\" decoding=\"async\" aria-describedby=\"caption-attachment-10890\" class=\" wp-image-10890\" src=\"https:\/\/comunidadtextil.com\/wpnews\/wp-content\/uploads\/2021\/10\/Recolectora-de-algodon-en-Peru_1-300x200.jpg\" alt=\"\" width=\"243\" height=\"162\" srcset=\"https:\/\/comunidadtextil.com\/wpnews\/wp-content\/uploads\/2021\/10\/Recolectora-de-algodon-en-Peru_1-300x200.jpg 300w, https:\/\/comunidadtextil.com\/wpnews\/wp-content\/uploads\/2021\/10\/Recolectora-de-algodon-en-Peru_1-1024x682.jpg 1024w, https:\/\/comunidadtextil.com\/wpnews\/wp-content\/uploads\/2021\/10\/Recolectora-de-algodon-en-Peru_1-768x512.jpg 768w, https:\/\/comunidadtextil.com\/wpnews\/wp-content\/uploads\/2021\/10\/Recolectora-de-algodon-en-Peru_1-150x100.jpg 150w, https:\/\/comunidadtextil.com\/wpnews\/wp-content\/uploads\/2021\/10\/Recolectora-de-algodon-en-Peru_1.jpg 1400w\" sizes=\"auto, (max-width: 243px) 100vw, 243px\" \/><\/a><p id=\"caption-attachment-10890\" class=\"wp-caption-text\">Recolectora de algod\u00f3n en Per\u00fa.<\/p><\/div>\n<p>A trav\u00e9s del proyecto +Algod\u00f3n, Per\u00fa busca posicionarse en la cadena algodonera latinoamericana, apoy\u00e1ndose en la tecnolog\u00eda blockchain para garantizar la transparencia de la cadena de producci\u00f3n y distribuci\u00f3n de la industria textil de la regi\u00f3n.<\/p>\n<p>Seg\u00fan el portal web de la FAO, la regi\u00f3n latinoamericana inicia un plan piloto que ser\u00e1 pionero en la regi\u00f3n en registro de informaci\u00f3n, transacci\u00f3n y rastreo de la producci\u00f3n algodonera y de transparencia en la industria textil. En \u00e9l esta involucrada a una cooperativa de peque\u00f1os productores de algod\u00f3n pima peruano, conformada por aproximadamente 5,200 familias. La entidad se ver\u00e1 favorecida con el uso de la tecnolog\u00eda de \u201ccadena de bloques\u201d, ya que \u00e9sta les brindar\u00e1 la transparencia, trazabilidad y una mayor confianza en la cadena de valor.<\/p>\n<p><a href=\"https:\/\/comunidadtextil.com\/wpnews\/wp-content\/uploads\/2021\/10\/Algodon-Peru-.jpg\"><img loading=\"lazy\" decoding=\"async\" class=\"alignright wp-image-10885\" src=\"https:\/\/comunidadtextil.com\/wpnews\/wp-content\/uploads\/2021\/10\/Algodon-Peru--300x197.jpg\" alt=\"\" width=\"240\" height=\"159\" srcset=\"https:\/\/comunidadtextil.com\/wpnews\/wp-content\/uploads\/2021\/10\/Algodon-Peru--300x197.jpg 300w, https:\/\/comunidadtextil.com\/wpnews\/wp-content\/uploads\/2021\/10\/Algodon-Peru--768x505.jpg 768w, https:\/\/comunidadtextil.com\/wpnews\/wp-content\/uploads\/2021\/10\/Algodon-Peru--150x99.jpg 150w, https:\/\/comunidadtextil.com\/wpnews\/wp-content\/uploads\/2021\/10\/Algodon-Peru-.jpg 800w\" sizes=\"auto, (max-width: 240px) 100vw, 240px\" \/><\/a>El programa de Cooperaci\u00f3n Internacional Brasil, FAO, apoya proyectos innovadores que procuren el desarrollo sustentable alimentario. Conjuntamente con la Agencia Brasilera de Cooperaci\u00f3n, ABC y los gobiernos de Argentina, Bolivia, Colombia, Ecuador, Hait\u00ed, Paraguay, y Per\u00fa, llevan a cabo desde el 2013, en siete pa\u00edses el proyecto +Algod\u00f3n.<\/p>\n<p>El proyecto de cooperaci\u00f3n Sur-Sur trilateral +Algod\u00f3n, emplea la plataforma blockchain en la producci\u00f3n de algod\u00f3n de Per\u00fa, en el marco del evento \u201cAccelerating action for the sustainable and circular garment and footwear industry of the future\u201d. Esta iniciativa act\u00faa en el contexto de la asistencia t\u00e9cnica brindada a la cooperativa, en t\u00e9rminos de plan de negocios, capacitaci\u00f3n en mercado, registro de informaci\u00f3n, entre otros.<\/p>\n<div id=\"attachment_10886\" style=\"width: 200px\" class=\"wp-caption alignleft\"><a href=\"https:\/\/comunidadtextil.com\/wpnews\/wp-content\/uploads\/2021\/10\/Ingrid-Zabaleta-Asistente-ejecutiva-Regional-del-proyecto.-.jpg\"><img loading=\"lazy\" decoding=\"async\" aria-describedby=\"caption-attachment-10886\" class=\" wp-image-10886\" src=\"https:\/\/comunidadtextil.com\/wpnews\/wp-content\/uploads\/2021\/10\/Ingrid-Zabaleta-Asistente-ejecutiva-Regional-del-proyecto.--300x300.jpg\" alt=\"\" width=\"190\" height=\"190\" srcset=\"https:\/\/comunidadtextil.com\/wpnews\/wp-content\/uploads\/2021\/10\/Ingrid-Zabaleta-Asistente-ejecutiva-Regional-del-proyecto.--300x300.jpg 300w, https:\/\/comunidadtextil.com\/wpnews\/wp-content\/uploads\/2021\/10\/Ingrid-Zabaleta-Asistente-ejecutiva-Regional-del-proyecto.--150x150.jpg 150w, https:\/\/comunidadtextil.com\/wpnews\/wp-content\/uploads\/2021\/10\/Ingrid-Zabaleta-Asistente-ejecutiva-Regional-del-proyecto.--80x80.jpg 80w, https:\/\/comunidadtextil.com\/wpnews\/wp-content\/uploads\/2021\/10\/Ingrid-Zabaleta-Asistente-ejecutiva-Regional-del-proyecto.-.jpg 400w\" sizes=\"auto, (max-width: 190px) 100vw, 190px\" \/><\/a><p id=\"caption-attachment-10886\" class=\"wp-caption-text\">Ingrid Zabaleta, Asistente ejecutiva Regional del proyecto.<\/p><\/div>\n<p>La Asistente ejecutiva Regional del proyecto, Ingrid Zabaleta, expres\u00f3 que este piloto resulta, \u201cinnovador para la agricultura familiar algodonera, favoreciendo una mejor competitividad de la fibra peruana en el mundo\u201d.<\/p>\n<p>Asimismo, el gerente de la cooperativa, Ricardo Yarleque, considera este plan piloto como una \u201coportunidad para reposicionar el algod\u00f3n pima peruano que es el m\u00e1s fino y largo del mundo y, que, adem\u00e1s, ayudar\u00eda a que peque\u00f1os agricultores vivan una nueva experiencia, la cual se suma a las ya recibidas anteriormente por medio del proyecto +Algod\u00f3n\u201d, reiter\u00f3.<\/p>\n<p>Se inform\u00f3 que esta acci\u00f3n es parte de un proyecto global Enhancing Traceability and Transparency for Sustainable and Circular Value Chains in Garment and Footwe, llevado a cabo de manera conjunta por la Comisi\u00f3n Econ\u00f3mica para Europa (UNECE) y el Internacional Trade Centre (ITC), con recursos de la Uni\u00f3n Europea, donde el proyecto +Algod\u00f3n es el articulador del piloto en la regi\u00f3n.<\/p>\n<p>Ser\u00e1n 10 toneladas de fibra de algod\u00f3n sostenible, producidas por la Cooperativa Agraria de Servicios M\u00faltiples \u201cTallan- Chusis\u201d Ltda (Coastach) y que luego ser\u00e1n adquiridas por la compa\u00f1\u00eda textil peruana Creditex. As\u00ed se confeccionar\u00e1 una mini colecci\u00f3n de prendas de algod\u00f3n donde el consumidor final podr\u00e1 visualizar toda la informaci\u00f3n detallada de la elaboraci\u00f3n de la prenda: desde la semilla, desmontado del algod\u00f3n, hasta la confecci\u00f3n de la prenda y su comercializaci\u00f3n, donde la tecnolog\u00eda blockchain ser\u00e1 el aval de la trazabilidad de los marcadores moleculares sobre el ADN de la fibra.<br \/>\n&#8212;&#8212;&#8212;&#8212;&#8212;&#8212;&#8212;&#8212;&#8212;&#8212;&#8212;&#8212;&#8212;&#8212;<br \/>\nAndina \/ Comunidad Textil<\/p>\n<p>\u2014\u2014\u2014\u2014\u2014\u2014\u2014\u2014\u2014\u2014\u2014\u2014\u2014\u2014\u2014\u2014\u2014\u2014\u2014\u2014\u2014\u2014\u2014\u2014\u2014\u2014\u2014\u2014\u2014\u2014\u2014\u2014\u2014\u2014\u2014\u2014\u2014\u2014\u2014<\/p>\n<p dir=\"ltr\">Para comunicarse con ComunidadTextil: <span style=\"color: #3366ff;\"><a style=\"color: #3366ff;\" href=\"mailto:contacto@comunidadtextil.com\">contacto@comunidadtextil.com<\/a><\/span><\/p>\n<table border=\"0\" width=\"460\">\n<tbody>\n<tr>\n<td width=\"300\"><a href=\"https:\/\/epson.com.ar\/Para-el-trabajo\/Impresoras\/Gran-Formato\/c\/w140?q=%3Aname-asc%3AdiscontinuedFlag%3Afalse%3APro+Imaging+Facets%2CProfessional+Printer+Series%3ASureColor+F%7E102Series&amp;text=#scrollTgt_onRefresh\" target=\"_blank\" rel=\"noopener noreferrer\"><img loading=\"lazy\" decoding=\"async\" src=\"\/publicidad\/epson\/2021\/1590693_ARG_SF_ComunidadTextil_BANNER_300x200_20210805_v2.gif\" alt=\"\" width=\"300\" height=\"200\" border=\"0\" \/><\/a><\/td>\n<td width=\"171\"><a href=\"http:\/\/bit.ly\/2qnuvSs\" target=\"_blank\" rel=\"noopener noreferrer\"><img loading=\"lazy\" decoding=\"async\" src=\"\/publicidad\/crecer-banner-julio17.gif\" alt=\"\" width=\"300\" height=\"200\" border=\"0\" \/><\/a><\/td>\n<\/tr>\n<\/tbody>\n<\/table>\n","protected":false},"excerpt":{"rendered":"<p>A trav\u00e9s del proyecto +Algod\u00f3n, Per\u00fa busca posicionarse en la cadena algodonera latinoamericana, apoy\u00e1ndose en la tecnolog\u00eda blockchain para garantizar la transparencia de la cadena de producci\u00f3n y distribuci\u00f3n de la industria textil de la regi\u00f3n. Seg\u00fan el portal web de la FAO, la regi\u00f3n latinoamericana inicia un plan piloto que ser\u00e1 pionero en la [&hellip;]<\/p>\n","protected":false},"author":1924,"featured_media":0,"comment_status":"closed","ping_status":"closed","sticky":false,"template":"","format":"standard","meta":{"footnotes":""},"categories":[56,58],"tags":[],"class_list":["post-10903","post","type-post","status-publish","format-standard","hentry","category-medio-ambiente","category-noticias-de-america-latina","count-0","even alt","author-adminct","last"],"_links":{"self":[{"href":"https:\/\/comunidadtextil.com\/wpnews\/wp-json\/wp\/v2\/posts\/10903","targetHints":{"allow":["GET"]}}],"collection":[{"href":"https:\/\/comunidadtextil.com\/wpnews\/wp-json\/wp\/v2\/posts"}],"about":[{"href":"https:\/\/comunidadtextil.com\/wpnews\/wp-json\/wp\/v2\/types\/post"}],"author":[{"embeddable":true,"href":"https:\/\/comunidadtextil.com\/wpnews\/wp-json\/wp\/v2\/users\/1924"}],"replies":[{"embeddable":true,"href":"https:\/\/comunidadtextil.com\/wpnews\/wp-json\/wp\/v2\/comments?post=10903"}],"version-history":[{"count":2,"href":"https:\/\/comunidadtextil.com\/wpnews\/wp-json\/wp\/v2\/posts\/10903\/revisions"}],"predecessor-version":[{"id":10905,"href":"https:\/\/comunidadtextil.com\/wpnews\/wp-json\/wp\/v2\/posts\/10903\/revisions\/10905"}],"wp:attachment":[{"href":"https:\/\/comunidadtextil.com\/wpnews\/wp-json\/wp\/v2\/media?parent=10903"}],"wp:term":[{"taxonomy":"category","embeddable":true,"href":"https:\/\/comunidadtextil.com\/wpnews\/wp-json\/wp\/v2\/categories?post=10903"},{"taxonomy":"post_tag","embeddable":true,"href":"https:\/\/comunidadtextil.com\/wpnews\/wp-json\/wp\/v2\/tags?post=10903"}],"curies":[{"name":"wp","href":"https:\/\/api.w.org\/{rel}","templated":true}]}}