{"id":10894,"date":"2021-10-07T10:24:12","date_gmt":"2021-10-07T13:24:12","guid":{"rendered":"http:\/\/comunidadtextil.com\/wpnews\/?p=10894"},"modified":"2021-10-07T10:24:12","modified_gmt":"2021-10-07T13:24:12","slug":"archroma-anuncio-un-aumento-de-todos-sus-productos-por-la-suba-de-precios-del-transporte","status":"publish","type":"post","link":"https:\/\/comunidadtextil.com\/wpnews\/2021\/10\/archroma-anuncio-un-aumento-de-todos-sus-productos-por-la-suba-de-precios-del-transporte\/","title":{"rendered":"Archroma anunci\u00f3 un aumento de todos sus productos por la suba de precios del transporte"},"content":{"rendered":"<p><a href=\"https:\/\/comunidadtextil.com\/wpnews\/wp-content\/uploads\/2021\/10\/Transporte-_a.jpg\"><img loading=\"lazy\" decoding=\"async\" class=\"wp-image-10879 alignleft\" src=\"https:\/\/comunidadtextil.com\/wpnews\/wp-content\/uploads\/2021\/10\/Transporte-_a-300x300.jpg\" alt=\"\" width=\"128\" height=\"128\" srcset=\"https:\/\/comunidadtextil.com\/wpnews\/wp-content\/uploads\/2021\/10\/Transporte-_a-300x300.jpg 300w, https:\/\/comunidadtextil.com\/wpnews\/wp-content\/uploads\/2021\/10\/Transporte-_a-150x150.jpg 150w, https:\/\/comunidadtextil.com\/wpnews\/wp-content\/uploads\/2021\/10\/Transporte-_a-80x80.jpg 80w, https:\/\/comunidadtextil.com\/wpnews\/wp-content\/uploads\/2021\/10\/Transporte-_a.jpg 450w\" sizes=\"auto, (max-width: 128px) 100vw, 128px\" \/><\/a>Archroma aumentar\u00e1 los precios de sus productos de un US$ 0,25 por kg. Estos ajustes se aplicar\u00e1n a partir del 1 de octubre de 2021 a todos los productos Archroma a nivel mundial. La empresa anunci\u00f3 que \u201cel aumento es necesario para compensar los actuales costos de transporte y log\u00edstica, excepcionalmente elevados\u201d.<\/p>\n<p>Seg\u00fan Marcos Furrer, Jefe de Operaciones de la compa\u00f1\u00eda, \u00abArchroma hizo todo lo posible para absorber estos aumentos. Sin embargo, hemos llegado a un punto en el que se necesitan ajustes, para que podamos mantener nuestros niveles de servicio\u00bb.<\/p>\n<div id=\"attachment_10880\" style=\"width: 138px\" class=\"wp-caption alignright\"><a href=\"https:\/\/comunidadtextil.com\/wpnews\/wp-content\/uploads\/2021\/10\/Heike-van-de-Kerkhof-CEO-de-Archroma.-_4b-.jpg\"><img loading=\"lazy\" decoding=\"async\" aria-describedby=\"caption-attachment-10880\" class=\" wp-image-10880\" src=\"https:\/\/comunidadtextil.com\/wpnews\/wp-content\/uploads\/2021\/10\/Heike-van-de-Kerkhof-CEO-de-Archroma.-_4b--225x300.jpg\" alt=\"\" width=\"128\" height=\"171\" srcset=\"https:\/\/comunidadtextil.com\/wpnews\/wp-content\/uploads\/2021\/10\/Heike-van-de-Kerkhof-CEO-de-Archroma.-_4b--225x300.jpg 225w, https:\/\/comunidadtextil.com\/wpnews\/wp-content\/uploads\/2021\/10\/Heike-van-de-Kerkhof-CEO-de-Archroma.-_4b--112x150.jpg 112w, https:\/\/comunidadtextil.com\/wpnews\/wp-content\/uploads\/2021\/10\/Heike-van-de-Kerkhof-CEO-de-Archroma.-_4b-.jpg 371w\" sizes=\"auto, (max-width: 128px) 100vw, 128px\" \/><\/a><p id=\"caption-attachment-10880\" class=\"wp-caption-text\">Heike van de Kerkhof CEO de Archroma.<\/p><\/div>\n<p>Archroma es una empresa dedicada a los colorantes y los productos qu\u00edmicos especializados con sede en Reinach, cerca de Basilea, Suiza. Cuenta con 3000 empleados en m\u00e1s de 35 pa\u00edses y posee 25 centros de producci\u00f3n. Sus tres \u00e1reas de negocios (Brand &amp; Performance Textile Specialties; Packaging &amp; Paper Specialties; y Coatings, Adhesives &amp; Sealants) ofrecen propiedades y soluciones especiales para productos qu\u00edmicos y colorantes.<br \/>\n&#8212;&#8212;&#8212;&#8212;&#8212;&#8212;&#8212;&#8212;&#8212;&#8212;&#8212;&#8212;&#8212;&#8212;-<br \/>\nArchroma \/ Comunidad Textil<\/p>\n<p>\u2014\u2014\u2014\u2014\u2014\u2014\u2014\u2014\u2014\u2014\u2014\u2014\u2014\u2014\u2014\u2014\u2014\u2014\u2014\u2014\u2014\u2014\u2014\u2014\u2014\u2014\u2014\u2014\u2014\u2014\u2014\u2014\u2014\u2014\u2014\u2014\u2014\u2014\u2014<\/p>\n<p dir=\"ltr\">Para comunicarse con ComunidadTextil: <span style=\"color: #3366ff;\"><a style=\"color: #3366ff;\" href=\"mailto:contacto@comunidadtextil.com\">contacto@comunidadtextil.com<\/a><\/span><\/p>\n<table border=\"0\" width=\"460\">\n<tbody>\n<tr>\n<td width=\"300\"><a href=\"http:\/\/www.tintoreanatur.com\" target=\"_blank\" rel=\"noopener noreferrer\"><img loading=\"lazy\" decoding=\"async\" src=\"\/publicidad\/tintoreanatur-banner-300x200_2021.jpg\" alt=\"\" width=\"301\" height=\"201\" \/><\/a><\/td>\n<td width=\"171\"><a href=\"https:\/\/epson.com.ar\/Para-el-trabajo\/Impresoras\/Gran-Formato\/c\/w140?q=%3Aname-asc%3AdiscontinuedFlag%3Afalse%3APro+Imaging+Facets%2CProfessional+Printer+Series%3ASureColor+F%7E102Series&amp;text=#scrollTgt_onRefresh\" target=\"_blank\" rel=\"noopener noreferrer\"><img loading=\"lazy\" decoding=\"async\" src=\"\/publicidad\/epson\/2021\/1590693_ARG_SF_ComunidadTextil_BANNER_300x200_20210805_v2.gif\" alt=\"\" width=\"300\" height=\"200\" border=\"0\" \/><\/a><\/td>\n<\/tr>\n<\/tbody>\n<\/table>\n","protected":false},"excerpt":{"rendered":"<p>Archroma aumentar\u00e1 los precios de sus productos de un US$ 0,25 por kg. Estos ajustes se aplicar\u00e1n a partir del 1 de octubre de 2021 a todos los productos Archroma a nivel mundial. La empresa anunci\u00f3 que \u201cel aumento es necesario para compensar los actuales costos de transporte y log\u00edstica, excepcionalmente elevados\u201d. Seg\u00fan Marcos Furrer, [&hellip;]<\/p>\n","protected":false},"author":1924,"featured_media":0,"comment_status":"closed","ping_status":"closed","sticky":false,"template":"","format":"standard","meta":{"footnotes":""},"categories":[49],"tags":[],"class_list":["post-10894","post","type-post","status-publish","format-standard","hentry","category-empresas-negocios","count-0","even alt","author-adminct","last"],"_links":{"self":[{"href":"https:\/\/comunidadtextil.com\/wpnews\/wp-json\/wp\/v2\/posts\/10894","targetHints":{"allow":["GET"]}}],"collection":[{"href":"https:\/\/comunidadtextil.com\/wpnews\/wp-json\/wp\/v2\/posts"}],"about":[{"href":"https:\/\/comunidadtextil.com\/wpnews\/wp-json\/wp\/v2\/types\/post"}],"author":[{"embeddable":true,"href":"https:\/\/comunidadtextil.com\/wpnews\/wp-json\/wp\/v2\/users\/1924"}],"replies":[{"embeddable":true,"href":"https:\/\/comunidadtextil.com\/wpnews\/wp-json\/wp\/v2\/comments?post=10894"}],"version-history":[{"count":4,"href":"https:\/\/comunidadtextil.com\/wpnews\/wp-json\/wp\/v2\/posts\/10894\/revisions"}],"predecessor-version":[{"id":10898,"href":"https:\/\/comunidadtextil.com\/wpnews\/wp-json\/wp\/v2\/posts\/10894\/revisions\/10898"}],"wp:attachment":[{"href":"https:\/\/comunidadtextil.com\/wpnews\/wp-json\/wp\/v2\/media?parent=10894"}],"wp:term":[{"taxonomy":"category","embeddable":true,"href":"https:\/\/comunidadtextil.com\/wpnews\/wp-json\/wp\/v2\/categories?post=10894"},{"taxonomy":"post_tag","embeddable":true,"href":"https:\/\/comunidadtextil.com\/wpnews\/wp-json\/wp\/v2\/tags?post=10894"}],"curies":[{"name":"wp","href":"https:\/\/api.w.org\/{rel}","templated":true}]}}