{"id":10891,"date":"2021-10-07T10:14:57","date_gmt":"2021-10-07T13:14:57","guid":{"rendered":"http:\/\/comunidadtextil.com\/wpnews\/?p=10891"},"modified":"2021-10-07T10:14:57","modified_gmt":"2021-10-07T13:14:57","slug":"ley-de-talles-el-inti-compro-otro-scaner-para-acelerar-el-relevamiento-de-las-medidas","status":"publish","type":"post","link":"https:\/\/comunidadtextil.com\/wpnews\/2021\/10\/ley-de-talles-el-inti-compro-otro-scaner-para-acelerar-el-relevamiento-de-las-medidas\/","title":{"rendered":"Ley de talles: el INTI compr\u00f3 otro sc\u00e1ner para acelerar el relevamiento de las medidas"},"content":{"rendered":"<div id=\"attachment_10877\" style=\"width: 256px\" class=\"wp-caption alignright\"><a href=\"https:\/\/comunidadtextil.com\/wpnews\/wp-content\/uploads\/2021\/10\/Estudio-Antropometrico-Nacional-Argentino-esta-a-cargo-del-INTI.-_3-.jpg\"><img loading=\"lazy\" decoding=\"async\" aria-describedby=\"caption-attachment-10877\" class=\" wp-image-10877\" src=\"https:\/\/comunidadtextil.com\/wpnews\/wp-content\/uploads\/2021\/10\/Estudio-Antropometrico-Nacional-Argentino-esta-a-cargo-del-INTI.-_3--300x178.jpg\" alt=\"\" width=\"246\" height=\"146\" srcset=\"https:\/\/comunidadtextil.com\/wpnews\/wp-content\/uploads\/2021\/10\/Estudio-Antropometrico-Nacional-Argentino-esta-a-cargo-del-INTI.-_3--300x178.jpg 300w, https:\/\/comunidadtextil.com\/wpnews\/wp-content\/uploads\/2021\/10\/Estudio-Antropometrico-Nacional-Argentino-esta-a-cargo-del-INTI.-_3--150x89.jpg 150w, https:\/\/comunidadtextil.com\/wpnews\/wp-content\/uploads\/2021\/10\/Estudio-Antropometrico-Nacional-Argentino-esta-a-cargo-del-INTI.-_3-.jpg 730w\" sizes=\"auto, (max-width: 246px) 100vw, 246px\" \/><\/a><p id=\"caption-attachment-10877\" class=\"wp-caption-text\">Estudio Antropom\u00e9trico Nacional Argentino est\u00e1 a cargo del INTI.<\/p><\/div>\n<p>El Instituto Nacional de Tecnolog\u00eda Industrial (INTI) de Argentina contar\u00e1 con un segundo esc\u00e1ner 3D para el relevamiento de las formas y dimensiones actuales y propias de los cuerpos que conforman la poblaci\u00f3n argentina. El anuncio fue realizado por el presidente del organismo, Rub\u00e9n Geneyro, durante la presentaci\u00f3n en la Ciudad de Buenos Aires del Estudio Antropom\u00e9trico Argentino (EAAr).<\/p>\n<p>\u201cEste estudio antropom\u00e9trico nos acerca a una demanda y una necesidad de la sociedad de contar con mayores derechos. En esa din\u00e1mica, el INTI adquiri\u00f3 su segundo esc\u00e1ner, lo cual nos va a permitir relevar cuanto antes la informaci\u00f3n\u201d, se\u00f1al\u00f3 Geneyro.<\/p>\n<p><a href=\"https:\/\/comunidadtextil.com\/wpnews\/wp-content\/uploads\/2021\/10\/images-2.jpg\"><img loading=\"lazy\" decoding=\"async\" class=\" wp-image-10878 alignleft\" src=\"https:\/\/comunidadtextil.com\/wpnews\/wp-content\/uploads\/2021\/10\/images-2.jpg\" alt=\"\" width=\"174\" height=\"190\" srcset=\"https:\/\/comunidadtextil.com\/wpnews\/wp-content\/uploads\/2021\/10\/images-2.jpg 215w, https:\/\/comunidadtextil.com\/wpnews\/wp-content\/uploads\/2021\/10\/images-2-137x150.jpg 137w\" sizes=\"auto, (max-width: 174px) 100vw, 174px\" \/><\/a>Hasta el momento se relev\u00f3 aproximadamente un 60% de la muestra nacional, con mediciones tomadas en diferentes puntos del territorio argentino, para arrojar resultados representativos de los estratos de la poblaci\u00f3n definidos por g\u00e9nero, grupo etario y regi\u00f3n del pa\u00eds.<\/p>\n<p>El Estudio Antropom\u00e9trico Argentino ser\u00e1 la base para la definici\u00f3n del Sistema \u00danico Normalizado de Identificaci\u00f3n de Talles de Indumentaria (SUNITI), establecido por la Ley Nacional N\u00ba 27521, y de aplicaci\u00f3n obligatoria en todo el pa\u00eds en cuanto a la fabricaci\u00f3n, confecci\u00f3n, comercializaci\u00f3n o importaci\u00f3n de indumentaria.<\/p>\n<p>Por su parte, Paula Espa\u00f1ol, Secretaria de Comercio der la Naci\u00f3n, destac\u00f3 que \u201cesta ley implica una nueva ampliaci\u00f3n de derechos para las y los consumidores por parte del Estado Nacional, porque va a unificar los talles en funci\u00f3n de las medidas corporales de la poblaci\u00f3n argentina. Adem\u00e1s, este estudio, tiene un objetivo profundamente descolonizador porque reconoce que nuestros cuerpos no responden s\u00f3lo a los modelos estandarizados, sino que tenemos como pa\u00eds una gran diversidad\u00bb, apunt\u00f3.<\/p>\n<p>Adem\u00e1s, la funcionaria puntualiz\u00f3 que esta iniciativa \u201ces una oportunidad para trabajar en las transformaciones que hacen a la cadena de producci\u00f3n, distribuci\u00f3n y comercializaci\u00f3n de toda la industria indumentaria para que los distintos cuerpos sean reconocidos, no est\u00e9n invisibilizados y sean atendidos sin pr\u00e1cticas discriminatorias ni abusivas\u201d.<\/p>\n<p><a href=\"https:\/\/comunidadtextil.com\/wpnews\/wp-content\/uploads\/2021\/10\/Mapa-antropomerico.jpg\"><img loading=\"lazy\" decoding=\"async\" class=\"alignright  wp-image-10876\" src=\"https:\/\/comunidadtextil.com\/wpnews\/wp-content\/uploads\/2021\/10\/Mapa-antropomerico-300x257.jpg\" alt=\"\" width=\"221\" height=\"190\" srcset=\"https:\/\/comunidadtextil.com\/wpnews\/wp-content\/uploads\/2021\/10\/Mapa-antropomerico-300x257.jpg 300w, https:\/\/comunidadtextil.com\/wpnews\/wp-content\/uploads\/2021\/10\/Mapa-antropomerico-150x129.jpg 150w, https:\/\/comunidadtextil.com\/wpnews\/wp-content\/uploads\/2021\/10\/Mapa-antropomerico.jpg 350w\" sizes=\"auto, (max-width: 221px) 100vw, 221px\" \/><\/a>El encuentro cont\u00f3 con la participaci\u00f3n de, legisladoras\/es, representantes de c\u00e1maras empresariales y del sector privado vinculados a la industria textil en toda su cadena de productiva -de la indumentaria en particular- y activistas de la sociedad civil. En representaci\u00f3n de este sector confeccionista la presidenta de la firma Intertrading, Daniela Rabinovich, valor\u00f3 que \u201ctener una Ley de Talles que nos represente es un hecho de maduraci\u00f3n como sociedad. Que los talles sean la realidad de lo que somos los argentinos tambi\u00e9n es una muestra de respeto para los consumidores. Es un camino que entre todos venimos haciendo\u201d.<\/p>\n<p>El punto de escaneo del Centro Cultural Kirchner que permanecer\u00e1 activo hasta el 7 de octubre busca relevar aproximadamente a 1.200 personas. Se trata de la tercera parada del esc\u00e1ner corporal 3D desde su relanzamiento, que previamente estuvo emplazado en las ciudades de La Plata y Pilar. Durante el encuentro, Geneyro anunci\u00f3 que el pr\u00f3ximo destino bonaerense del relevamiento ser\u00e1 el partido de Mor\u00f3n y que, gracias a la incorporaci\u00f3n del nuevo esc\u00e1ner, se podr\u00e1 relevar en simult\u00e1neo la provincia de San Juan. Luego, los equipos del INTI continuar\u00e1n en la regi\u00f3n NOA, y parte de Patagonia.<\/p>\n<p>Distintos sectores de la sociedad civil mostraron su apoyo a la realizaci\u00f3n del EAAr \u2013que se inici\u00f3 en pleno contexto de pandemia- y contribuyeron con la difusi\u00f3n de la convocatoria y la sensibilizaci\u00f3n de diversos sectores para que el muestreo sea representativo en materia de g\u00e9nero y grupos etarios.<\/p>\n<p>El relanzamiento del estudio antropom\u00e9trico lleg\u00f3 junto con una alta demanda social por acceder al derecho a vestirse y a una oferta diversa de talles que represente a todos los cuerpos.<\/p>\n<p>La construcci\u00f3n de este censo corporal no descansa \u00fanicamente en la fase del esc\u00e1ner y la toma de medidas. Para componer la base de datos, los especialistas del INTI realizan primero un cuestionario que complementa las mediciones y aporta informaci\u00f3n acerca de diversos par\u00e1metros socioculturales.<br \/>\n&#8212;&#8212;&#8212;&#8212;&#8212;&#8212;&#8212;&#8212;&#8212;&#8212;&#8212;&#8212;&#8212;&#8212;<br \/>\nTelam \/ Comunidad Textil<\/p>\n<p>\u2014\u2014\u2014\u2014\u2014\u2014\u2014\u2014\u2014\u2014\u2014\u2014\u2014\u2014\u2014\u2014\u2014\u2014\u2014\u2014\u2014\u2014\u2014\u2014\u2014\u2014\u2014\u2014\u2014\u2014\u2014\u2014\u2014\u2014\u2014\u2014\u2014\u2014\u2014<\/p>\n<p dir=\"ltr\">Para comunicarse con ComunidadTextil: <span style=\"color: #3366ff;\"><a style=\"color: #3366ff;\" href=\"mailto:contacto@comunidadtextil.com\">contacto@comunidadtextil.com<\/a><\/span><\/p>\n<table border=\"0\" width=\"460\">\n<tbody>\n<tr>\n<td width=\"300\"><a href=\"http:\/\/bit.ly\/2pCZjRd\" target=\"_blank\" rel=\"noopener noreferrer\"><img loading=\"lazy\" decoding=\"async\" src=\"\/publicidad\/FA2022_banner_300x200px.jpg\" width=\"300\" height=\"200\" \/><\/a><\/td>\n<td width=\"171\"><a href=\"http:\/\/www.tikvatex.com.ar\" target=\"_blank\" rel=\"noopener noreferrer\"><img loading=\"lazy\" decoding=\"async\" src=\"\/publicidad\/tikvatex062020.png\" alt=\"\" width=\"300\" height=\"190\" border=\"0\" \/><\/a><\/td>\n<\/tr>\n<\/tbody>\n<\/table>\n","protected":false},"excerpt":{"rendered":"<p>El Instituto Nacional de Tecnolog\u00eda Industrial (INTI) de Argentina contar\u00e1 con un segundo esc\u00e1ner 3D para el relevamiento de las formas y dimensiones actuales y propias de los cuerpos que conforman la poblaci\u00f3n argentina. El anuncio fue realizado por el presidente del organismo, Rub\u00e9n Geneyro, durante la presentaci\u00f3n en la Ciudad de Buenos Aires del [&hellip;]<\/p>\n","protected":false},"author":1924,"featured_media":0,"comment_status":"closed","ping_status":"closed","sticky":false,"template":"","format":"standard","meta":{"footnotes":""},"categories":[8],"tags":[],"class_list":["post-10891","post","type-post","status-publish","format-standard","hentry","category-argentina","count-0","even alt","author-adminct","last"],"_links":{"self":[{"href":"https:\/\/comunidadtextil.com\/wpnews\/wp-json\/wp\/v2\/posts\/10891","targetHints":{"allow":["GET"]}}],"collection":[{"href":"https:\/\/comunidadtextil.com\/wpnews\/wp-json\/wp\/v2\/posts"}],"about":[{"href":"https:\/\/comunidadtextil.com\/wpnews\/wp-json\/wp\/v2\/types\/post"}],"author":[{"embeddable":true,"href":"https:\/\/comunidadtextil.com\/wpnews\/wp-json\/wp\/v2\/users\/1924"}],"replies":[{"embeddable":true,"href":"https:\/\/comunidadtextil.com\/wpnews\/wp-json\/wp\/v2\/comments?post=10891"}],"version-history":[{"count":2,"href":"https:\/\/comunidadtextil.com\/wpnews\/wp-json\/wp\/v2\/posts\/10891\/revisions"}],"predecessor-version":[{"id":10893,"href":"https:\/\/comunidadtextil.com\/wpnews\/wp-json\/wp\/v2\/posts\/10891\/revisions\/10893"}],"wp:attachment":[{"href":"https:\/\/comunidadtextil.com\/wpnews\/wp-json\/wp\/v2\/media?parent=10891"}],"wp:term":[{"taxonomy":"category","embeddable":true,"href":"https:\/\/comunidadtextil.com\/wpnews\/wp-json\/wp\/v2\/categories?post=10891"},{"taxonomy":"post_tag","embeddable":true,"href":"https:\/\/comunidadtextil.com\/wpnews\/wp-json\/wp\/v2\/tags?post=10891"}],"curies":[{"name":"wp","href":"https:\/\/api.w.org\/{rel}","templated":true}]}}