{"id":10873,"date":"2021-09-28T11:53:26","date_gmt":"2021-09-28T14:53:26","guid":{"rendered":"http:\/\/comunidadtextil.com\/wpnews\/?p=10873"},"modified":"2021-09-28T11:53:26","modified_gmt":"2021-09-28T14:53:26","slug":"wrangler-lanzo-su-coleccion-en-denim-infinited-blue-con-fibra-regenerada-y-reciclable","status":"publish","type":"post","link":"https:\/\/comunidadtextil.com\/wpnews\/2021\/09\/wrangler-lanzo-su-coleccion-en-denim-infinited-blue-con-fibra-regenerada-y-reciclable\/","title":{"rendered":"Wrangler lanz\u00f3 su colecci\u00f3n en denim \u2018Infinited Blue\u2019, con fibra regenerada y reciclable"},"content":{"rendered":"<p><a href=\"https:\/\/comunidadtextil.com\/wpnews\/wp-content\/uploads\/2021\/09\/1-.jpg\"><img loading=\"lazy\" decoding=\"async\" class=\"alignright wp-image-10870\" src=\"https:\/\/comunidadtextil.com\/wpnews\/wp-content\/uploads\/2021\/09\/1-.jpg\" alt=\"\" width=\"242\" height=\"168\" \/><\/a>La marca estadounidense Wrangler desarroll\u00f3 junto a Infinited Fiber Company un denim m\u00e1s sostenible con el nombre de \u00abInfinited Blue\u00bb. Las empresas crearon una nueva fibra regenerada y reciclable llamada Infinna que se incluye en toda la gama en jeans para la colecci\u00f3n de oto\u00f1o 2021. Asimismo, el material posee importantes innovaciones, como Indigood y e-flow de Wrangler, dise\u00f1adas para reducir significativamente el uso de agua, energ\u00eda y productos qu\u00edmicos.<\/p>\n<p>Seg\u00fan la empresa \u201cla fibra tiene un tacto similar al del algod\u00f3n suave y duradero del denim tradicional, pero se crea a partir de residuos textiles. Esto significa que la ropa y los textiles que ya existen pueden reciclarse varias veces, lo que los salva de los vertederos y disminuye la dependencia de la fibra \u2018virgen\u2019 -aseguran-. Al mismo tiempo, Infinna puede producirse con una fracci\u00f3n del agua que se utiliza en la producci\u00f3n de algod\u00f3n convencional gracias al uso de una qu\u00edmica responsable\u201d.<\/p>\n<p><a href=\"https:\/\/comunidadtextil.com\/wpnews\/wp-content\/uploads\/2021\/09\/AGENCIA_Wrangler-e1632840719968.jpg\"><img loading=\"lazy\" decoding=\"async\" class=\" wp-image-10872 alignleft\" src=\"https:\/\/comunidadtextil.com\/wpnews\/wp-content\/uploads\/2021\/09\/AGENCIA_Wrangler-e1632840719968-300x235.jpg\" alt=\"\" width=\"240\" height=\"189\" srcset=\"https:\/\/comunidadtextil.com\/wpnews\/wp-content\/uploads\/2021\/09\/AGENCIA_Wrangler-e1632840719968-300x235.jpg 300w, https:\/\/comunidadtextil.com\/wpnews\/wp-content\/uploads\/2021\/09\/AGENCIA_Wrangler-e1632840719968-150x118.jpg 150w, https:\/\/comunidadtextil.com\/wpnews\/wp-content\/uploads\/2021\/09\/AGENCIA_Wrangler-e1632840719968.jpg 697w\" sizes=\"auto, (max-width: 240px) 100vw, 240px\" \/><\/a>Seg\u00fan Dhruv Agarwal, director s\u00e9nior de innovaci\u00f3n, sostenibilidad y desarrollo de productos de Kontoor Brands -propietaria de la la empresa-, \u00abWrangler se compromete a mejorar continuamente los est\u00e1ndares de sostenibilidad del denim. Creemos que nuestro trabajo con Infinited Fiber Company y la llegada de Infinna eleva el nivel de nuestros productos en jean en t\u00e9rminos de rendimiento medioambiental, sin comprometer la comodidad ni la calidad que los consumidores esperan de Wrangler. Infinna -explica- es un complemento de fibra que se suma al algod\u00f3n y su uso supone un importante paso adelante en la comercializaci\u00f3n y adopci\u00f3n de la circularidad en la cadena de suministro de la ropa\u00bb, a\u00f1adi\u00f3 Agarwal.<\/p>\n<p>Wrangler e Infinited Fiber Company llevan seis a\u00f1os trabajando en esta iniciativa, ya que desde 2015 comenzaron a estudiar la viabilidad comercial de la tecnolog\u00eda de Infinited Fiber, y Wrangler empez\u00f3 a buscar una mayor circularidad.<\/p>\n<p>\u00abEstamos muy agradecidos al Equipo de Innovaci\u00f3n de Wrangler por su apoyo a largo plazo, por ser uno de los primeros en adoptar Infinna y por convertir nuestra innovaci\u00f3n en denim que desbloquear\u00e1 un nuevo nivel de circularidad en la industria textil\u00bb, sostuvo Petri Alava, CEO y cofundador de Infinited Fiber Company.<br \/>\n&#8212;&#8212;&#8212;&#8212;&#8212;&#8212;&#8212;&#8212;&#8212;&#8212;&#8212;&#8212;&#8212;&#8212;&#8212;&#8212;&#8212;-<br \/>\nFashion Network \/ Comunidad Textil<\/p>\n<p>\u2014\u2014\u2014\u2014\u2014\u2014\u2014\u2014\u2014\u2014\u2014\u2014\u2014\u2014\u2014\u2014\u2014\u2014\u2014\u2014\u2014\u2014\u2014\u2014\u2014\u2014\u2014\u2014\u2014\u2014\u2014\u2014\u2014\u2014\u2014\u2014\u2014\u2014\u2014<\/p>\n<p dir=\"ltr\">Para comunicarse con ComunidadTextil: <span style=\"color: #3366ff;\"><a style=\"color: #3366ff;\" href=\"mailto:contacto@comunidadtextil.com\">contacto@comunidadtextil.com<\/a><\/span><\/p>\n<table border=\"0\" width=\"460\">\n<tbody>\n<tr>\n<td width=\"300\"><a href=\"http:\/\/www.actibiz.com.ar\" target=\"_blank\" rel=\"noopener noreferrer\"><img loading=\"lazy\" decoding=\"async\" src=\"\/publicidad\/actibiz2019.jpg\" alt=\"\" width=\"300\" height=\"200\" border=\"0\" \/><\/a><\/td>\n<td width=\"171\"><a href=\"https:\/\/docs.google.com\/forms\/d\/e\/1FAIpQLSdDWU0Ez2-QlJizELOx_jdMvXmXagtLdlIyVivH1HCixhz6OA\/viewform\" target=\"_blank\" rel=\"noopener noreferrer\"><img loading=\"lazy\" decoding=\"async\" src=\"\/publicidad\/ykkgroup092021.jpg\" alt=\"\" width=\"300\" height=\"207\" \/><\/a><\/td>\n<\/tr>\n<\/tbody>\n<\/table>\n","protected":false},"excerpt":{"rendered":"<p>La marca estadounidense Wrangler desarroll\u00f3 junto a Infinited Fiber Company un denim m\u00e1s sostenible con el nombre de \u00abInfinited Blue\u00bb. Las empresas crearon una nueva fibra regenerada y reciclable llamada Infinna que se incluye en toda la gama en jeans para la colecci\u00f3n de oto\u00f1o 2021. Asimismo, el material posee importantes innovaciones, como Indigood y [&hellip;]<\/p>\n","protected":false},"author":1924,"featured_media":0,"comment_status":"closed","ping_status":"closed","sticky":false,"template":"","format":"standard","meta":{"footnotes":""},"categories":[49],"tags":[],"class_list":["post-10873","post","type-post","status-publish","format-standard","hentry","category-empresas-negocios","count-0","even alt","author-adminct","last"],"_links":{"self":[{"href":"https:\/\/comunidadtextil.com\/wpnews\/wp-json\/wp\/v2\/posts\/10873","targetHints":{"allow":["GET"]}}],"collection":[{"href":"https:\/\/comunidadtextil.com\/wpnews\/wp-json\/wp\/v2\/posts"}],"about":[{"href":"https:\/\/comunidadtextil.com\/wpnews\/wp-json\/wp\/v2\/types\/post"}],"author":[{"embeddable":true,"href":"https:\/\/comunidadtextil.com\/wpnews\/wp-json\/wp\/v2\/users\/1924"}],"replies":[{"embeddable":true,"href":"https:\/\/comunidadtextil.com\/wpnews\/wp-json\/wp\/v2\/comments?post=10873"}],"version-history":[{"count":1,"href":"https:\/\/comunidadtextil.com\/wpnews\/wp-json\/wp\/v2\/posts\/10873\/revisions"}],"predecessor-version":[{"id":10874,"href":"https:\/\/comunidadtextil.com\/wpnews\/wp-json\/wp\/v2\/posts\/10873\/revisions\/10874"}],"wp:attachment":[{"href":"https:\/\/comunidadtextil.com\/wpnews\/wp-json\/wp\/v2\/media?parent=10873"}],"wp:term":[{"taxonomy":"category","embeddable":true,"href":"https:\/\/comunidadtextil.com\/wpnews\/wp-json\/wp\/v2\/categories?post=10873"},{"taxonomy":"post_tag","embeddable":true,"href":"https:\/\/comunidadtextil.com\/wpnews\/wp-json\/wp\/v2\/tags?post=10873"}],"curies":[{"name":"wp","href":"https:\/\/api.w.org\/{rel}","templated":true}]}}