{"id":10675,"date":"2021-08-11T10:48:41","date_gmt":"2021-08-11T13:48:41","guid":{"rendered":"http:\/\/comunidadtextil.com\/wpnews\/?p=10675"},"modified":"2021-08-11T10:49:21","modified_gmt":"2021-08-11T13:49:21","slug":"se-abre-paso-la-tendencia-de-la-ropa-infantil-sin-genero-dejando-la-tradicion-binaria","status":"publish","type":"post","link":"https:\/\/comunidadtextil.com\/wpnews\/2021\/08\/se-abre-paso-la-tendencia-de-la-ropa-infantil-sin-genero-dejando-la-tradicion-binaria\/","title":{"rendered":"Se abre paso la tendencia de la ropa infantil sin g\u00e9nero, dejando la tradici\u00f3n binaria"},"content":{"rendered":"<p><a href=\"https:\/\/comunidadtextil.com\/wpnews\/wp-content\/uploads\/2021\/08\/1-1-1.jpg\"><img loading=\"lazy\" decoding=\"async\" class=\"alignright wp-image-10654\" src=\"https:\/\/comunidadtextil.com\/wpnews\/wp-content\/uploads\/2021\/08\/1-1-1.jpg\" alt=\"\" width=\"247\" height=\"156\" \/><\/a>La moda de g\u00e9nero neutro se abre paso en la ropa infantil en busca der romper con todos los estereotipos, y ha llegado para quedarse. Lo que empez\u00f3 como una tendencia en las pasarelas de colecciones para mujeres y hombres, ya ha dejado de ser solamente una cuesti\u00f3n de nicho. Ahora la moda infantil est\u00e1 abandonando su anticuado clich\u00e9 del rosa y el celeste, y est\u00e1 abriendo las puertas a prendas unisex que expresan un concepto neutro de las identidades de g\u00e9nero.<\/p>\n<p>Las marcas parecen haber comenzado a ponerse en marcha en este sentido. En 2017 John Lewis inici\u00f3 ese camino al eliminar las etiquetas para ni\u00f1os y ni\u00f1as de sus prendas. Desde entonces otros jugadores de la industria han introducido una gran variedad de iniciativas similares. Old Navy, Carter y Target est\u00e1n entre los precursores, pero muchas marcas nuevas han despegado al demostrar que la ropa para ni\u00f1os puede tener estilo sin estar dise\u00f1ada con un ni\u00f1o o una ni\u00f1a en mente.<\/p>\n<p><a href=\"https:\/\/comunidadtextil.com\/wpnews\/wp-content\/uploads\/2021\/08\/2a.jpg\"><img loading=\"lazy\" decoding=\"async\" class=\" wp-image-10655 alignleft\" src=\"https:\/\/comunidadtextil.com\/wpnews\/wp-content\/uploads\/2021\/08\/2a-200x300.jpg\" alt=\"\" width=\"161\" height=\"239\" \/><\/a>Los colores unisex como gris, beige, negro, blanco o durazno se imponen para romper con los par\u00e1metros basados en tonos. Les ni\u00f1es pueden usar lo que prefieran gracias a prendas minimalistas y sin estampados que -seg\u00fan sean- los liberan de las expectativas sociales basadas en su g\u00e9nero. La ropa infantil sin g\u00e9nero se centra en el aspecto funcional de la moda m\u00e1s que en el decorativo, lo que le permite a les ni\u00f1es jugar libremente con prendas que no restringen los movimientos.<\/p>\n<p>En la \u00faltima d\u00e9cada se han relajado las normas sobre c\u00f3mo vestirse como individuo y, por lo tanto, como ni\u00f1o o ni\u00f1a. Gracias al movimiento genderfluid (g\u00e9nero fluido), principalmente, las tiendas ya no tienen que decir a los clientes qu\u00e9 es para ni\u00f1os o para ni\u00f1as.<\/p>\n<p>Este cambio social conlleva muchas ventajas para los peque\u00f1os: m\u00e1s autonom\u00eda, mayor autoexpresi\u00f3n y una mente m\u00e1s abierta, as\u00ed como menos estereotipos impuestos que puedan afectar a su desarrollo. En cambio, resalta valores m\u00e1s importantes, entre los que destacan la creatividad y la individualidad.<\/p>\n<p>Con el comercio minorista a la vanguardia de los cambios culturales, la propuesta ha recibido apoyos y refleja los movimientos sociales que rompen los estereotipos y crean conciencia en torno a la ropa sin g\u00e9nero.<\/p>\n<div id=\"attachment_10661\" style=\"width: 197px\" class=\"wp-caption alignright\"><a href=\"https:\/\/comunidadtextil.com\/wpnews\/wp-content\/uploads\/2021\/08\/Monty-Co.-Core-y-su-coleccion_blue_-1.jpg\"><img loading=\"lazy\" decoding=\"async\" aria-describedby=\"caption-attachment-10661\" class=\"wp-image-10661\" src=\"https:\/\/comunidadtextil.com\/wpnews\/wp-content\/uploads\/2021\/08\/Monty-Co.-Core-y-su-coleccion_blue_-1-269x300.jpg\" alt=\"\" width=\"187\" height=\"209\" srcset=\"https:\/\/comunidadtextil.com\/wpnews\/wp-content\/uploads\/2021\/08\/Monty-Co.-Core-y-su-coleccion_blue_-1-269x300.jpg 269w, https:\/\/comunidadtextil.com\/wpnews\/wp-content\/uploads\/2021\/08\/Monty-Co.-Core-y-su-coleccion_blue_-1-135x150.jpg 135w, https:\/\/comunidadtextil.com\/wpnews\/wp-content\/uploads\/2021\/08\/Monty-Co.-Core-y-su-coleccion_blue_-1.jpg 653w\" sizes=\"auto, (max-width: 187px) 100vw, 187px\" \/><\/a><p id=\"caption-attachment-10661\" class=\"wp-caption-text\">Monty &amp; Co. Core y su colecci\u00f3n \u00abblue\u00bb.<\/p><\/div>\n<p>Aseguran que el aumento de padres millennials contribuye en gran medida al auge de la ropa infantil sin g\u00e9nero. Conforme se convierten en padres, los consumidores de esta generaci\u00f3n son m\u00e1s propensos a comprar con marcas que se centran en la inclusividad y fomentan el cambio. El hecho de que los minoristas tomen acci\u00f3n ante esta creciente demanda significa un mensaje positivo para una generaci\u00f3n que tiende a buscar marcas que compartan sus creencias.<\/p>\n<p>La ropa infantil sin g\u00e9nero no tiene por qu\u00e9 sustituir la totalidad de la oferta de moda para ni\u00f1os, sino que representa un cambio social con un impacto positivo global. El objetivo final es la autoexpresi\u00f3n, y ambas propuestas deben mezclarse para permitir a los consumidores abrazar su verdadera individualidad.<br \/>\n&#8212;&#8212;&#8212;&#8212;&#8212;&#8212;&#8212;&#8212;&#8212;&#8212;&#8212;&#8212;&#8212;&#8212;&#8212;&#8212;&#8212;-<br \/>\nFashion United \/ Comunidad Textil<\/p>\n<p>\u2014\u2014\u2014\u2014\u2014\u2014\u2014\u2014\u2014\u2014\u2014\u2014\u2014\u2014\u2014\u2014\u2014\u2014\u2014\u2014\u2014\u2014\u2014\u2014\u2014\u2014\u2014\u2014\u2014\u2014\u2014\u2014\u2014\u2014\u2014\u2014\u2014\u2014\u2014<\/p>\n<p dir=\"ltr\">Para comunicarse con ComunidadTextil: <span style=\"color: #3366ff;\"><a style=\"color: #3366ff;\" href=\"mailto:contacto@comunidadtextil.com\">contacto@comunidadtextil.com<\/a><\/span><\/p>\n<table border=\"0\" width=\"460\">\n<tbody>\n<tr>\n<td width=\"300\"><a href=\"http:\/\/www.tikvatex.com.ar\" target=\"_blank\" rel=\"noopener noreferrer\"><img loading=\"lazy\" decoding=\"async\" src=\"\/publicidad\/tikvatex062020.png\" alt=\"\" width=\"300\" height=\"190\" border=\"0\" \/><\/a><\/td>\n<td width=\"171\"><a href=\"https:\/\/epson.com.ar\/search\/?text=SURECOLOR&amp;keyword=SURECOLOR\" target=\"_blank\" rel=\"noopener noreferrer\"><img loading=\"lazy\" decoding=\"async\" src=\"\/publicidad\/epson\/epson112020_300x200px.jpg\" alt=\"\" width=\"300\" height=\"200\" border=\"0\" \/><\/a><\/td>\n<\/tr>\n<\/tbody>\n<\/table>\n","protected":false},"excerpt":{"rendered":"<p>La moda de g\u00e9nero neutro se abre paso en la ropa infantil en busca der romper con todos los estereotipos, y ha llegado para quedarse. Lo que empez\u00f3 como una tendencia en las pasarelas de colecciones para mujeres y hombres, ya ha dejado de ser solamente una cuesti\u00f3n de nicho. Ahora la moda infantil est\u00e1 [&hellip;]<\/p>\n","protected":false},"author":1924,"featured_media":0,"comment_status":"closed","ping_status":"closed","sticky":false,"template":"","format":"standard","meta":{"footnotes":""},"categories":[82,44],"tags":[],"class_list":["post-10675","post","type-post","status-publish","format-standard","hentry","category-inclusion","category-tendencias","count-0","even alt","author-adminct","last"],"_links":{"self":[{"href":"https:\/\/comunidadtextil.com\/wpnews\/wp-json\/wp\/v2\/posts\/10675","targetHints":{"allow":["GET"]}}],"collection":[{"href":"https:\/\/comunidadtextil.com\/wpnews\/wp-json\/wp\/v2\/posts"}],"about":[{"href":"https:\/\/comunidadtextil.com\/wpnews\/wp-json\/wp\/v2\/types\/post"}],"author":[{"embeddable":true,"href":"https:\/\/comunidadtextil.com\/wpnews\/wp-json\/wp\/v2\/users\/1924"}],"replies":[{"embeddable":true,"href":"https:\/\/comunidadtextil.com\/wpnews\/wp-json\/wp\/v2\/comments?post=10675"}],"version-history":[{"count":3,"href":"https:\/\/comunidadtextil.com\/wpnews\/wp-json\/wp\/v2\/posts\/10675\/revisions"}],"predecessor-version":[{"id":10678,"href":"https:\/\/comunidadtextil.com\/wpnews\/wp-json\/wp\/v2\/posts\/10675\/revisions\/10678"}],"wp:attachment":[{"href":"https:\/\/comunidadtextil.com\/wpnews\/wp-json\/wp\/v2\/media?parent=10675"}],"wp:term":[{"taxonomy":"category","embeddable":true,"href":"https:\/\/comunidadtextil.com\/wpnews\/wp-json\/wp\/v2\/categories?post=10675"},{"taxonomy":"post_tag","embeddable":true,"href":"https:\/\/comunidadtextil.com\/wpnews\/wp-json\/wp\/v2\/tags?post=10675"}],"curies":[{"name":"wp","href":"https:\/\/api.w.org\/{rel}","templated":true}]}}