{"id":10628,"date":"2021-07-22T11:27:48","date_gmt":"2021-07-22T14:27:48","guid":{"rendered":"http:\/\/comunidadtextil.com\/wpnews\/?p=10628"},"modified":"2021-07-22T11:27:48","modified_gmt":"2021-07-22T14:27:48","slug":"argentina-inicia-el-estudio-de-medidas-corporales-del-pais-para-nueva-tabla-de-talles","status":"publish","type":"post","link":"https:\/\/comunidadtextil.com\/wpnews\/2021\/07\/argentina-inicia-el-estudio-de-medidas-corporales-del-pais-para-nueva-tabla-de-talles\/","title":{"rendered":"Argentina inicia el estudio de medidas corporales del pa\u00eds para nueva \u2018tabla de talles\u2019"},"content":{"rendered":"<div id=\"attachment_10614\" style=\"width: 255px\" class=\"wp-caption alignleft\"><a href=\"https:\/\/comunidadtextil.com\/wpnews\/wp-content\/uploads\/2021\/07\/Estudio-Antropometrico-Nacional-Argentino-esta-a-cargo-del-INTI.-_4-.jpg\"><img loading=\"lazy\" decoding=\"async\" aria-describedby=\"caption-attachment-10614\" class=\" wp-image-10614\" src=\"https:\/\/comunidadtextil.com\/wpnews\/wp-content\/uploads\/2021\/07\/Estudio-Antropometrico-Nacional-Argentino-esta-a-cargo-del-INTI.-_4--300x202.jpg\" alt=\"\" width=\"245\" height=\"165\" srcset=\"https:\/\/comunidadtextil.com\/wpnews\/wp-content\/uploads\/2021\/07\/Estudio-Antropometrico-Nacional-Argentino-esta-a-cargo-del-INTI.-_4--300x202.jpg 300w, https:\/\/comunidadtextil.com\/wpnews\/wp-content\/uploads\/2021\/07\/Estudio-Antropometrico-Nacional-Argentino-esta-a-cargo-del-INTI.-_4--768x517.jpg 768w, https:\/\/comunidadtextil.com\/wpnews\/wp-content\/uploads\/2021\/07\/Estudio-Antropometrico-Nacional-Argentino-esta-a-cargo-del-INTI.-_4--150x101.jpg 150w, https:\/\/comunidadtextil.com\/wpnews\/wp-content\/uploads\/2021\/07\/Estudio-Antropometrico-Nacional-Argentino-esta-a-cargo-del-INTI.-_4-.jpg 826w\" sizes=\"auto, (max-width: 245px) 100vw, 245px\" \/><\/a><p id=\"caption-attachment-10614\" class=\"wp-caption-text\">Estudio Antropom\u00e9trico Nacional Argentino est\u00e1 a cargo del INTI.<\/p><\/div>\n<p>A ra\u00edz de la nueva Ley de Talles se abri\u00f3 la convocatoria para el primer estudio federal de medidas corporales. El estudio buscar\u00e1 establecer los par\u00e1metros del \u201ccuerpo argentino\u201d, y los especialistas anticipan que la nueva tabla de talles empujar\u00e1 hacia arriba las medias actuales.<br \/>\nEl estudio estar\u00e1 a cargo del Instituto Nacional de Tecnolog\u00eda Industrial (INTI) el que abri\u00f3 la inscripci\u00f3n para participar del relevamiento antropom\u00e9trico.<\/p>\n<p>El Estudio Antropom\u00e9trico Nacional Argentino tiene como objetivo relevar las medidas corporales de los habitantes de todo el pa\u00eds. El resultado conformar\u00e1 la Primera Base de Datos de Medidas Antropom\u00e9tricas y permitir\u00e1 actualizar el sistema \u00fanico de talles y adaptarlo a la morfolog\u00eda real de los argentinos, para unificar el criterio de la industria local.<\/p>\n<p><a href=\"https:\/\/comunidadtextil.com\/wpnews\/wp-content\/uploads\/2021\/07\/Estudio-Antropometrico-Nacional-Argentino-esta-a-cargo-del-INTI.-_3-.jpg\"><img loading=\"lazy\" decoding=\"async\" class=\"alignright wp-image-10613\" src=\"https:\/\/comunidadtextil.com\/wpnews\/wp-content\/uploads\/2021\/07\/Estudio-Antropometrico-Nacional-Argentino-esta-a-cargo-del-INTI.-_3--300x178.jpg\" alt=\"\" width=\"248\" height=\"149\" \/><\/a>La inscripci\u00f3n online es a trav\u00e9s de la p\u00e1gina del INTI o desde la app Mi Argentina. Ser\u00e1 necesario completar los datos personales y de contacto, y solo podr\u00e1n participar las personas que puedan mantenerse erguidas durante 15 y 20 segundos, sin ayuda de muletas, sillas de ruedas o de un acompa\u00f1ante. Quienes tengan entre 12 y 18 a\u00f1os podr\u00e1n participar siempre y cuando est\u00e9n en compa\u00f1\u00eda de un adulto que pueda representarlos legalmente. Si bien el escaneo demora menos de medio minuto, dados los protocolos vinculados a la pandemia de CoVid-19, se estima que los turnos duren unos 15 minutos: la medici\u00f3n se hace en ropa interior y las mediciones llegan a la base de datos de forma an\u00f3nima.<\/p>\n<p>El equipo encargado de realizar las mediciones va a recorrer distintas localidades del pa\u00eds, inclu\u00edda la ciudad de Buenos Aires, y se medir\u00e1 a un total de 6.500 personas.<\/p>\n<p><a href=\"https:\/\/comunidadtextil.com\/wpnews\/wp-content\/uploads\/2021\/07\/ley-de-talles-.jpg\"><img loading=\"lazy\" decoding=\"async\" class=\" wp-image-10612 alignleft\" src=\"https:\/\/comunidadtextil.com\/wpnews\/wp-content\/uploads\/2021\/07\/ley-de-talles--300x169.jpg\" alt=\"\" width=\"240\" height=\"137\" \/><\/a>Seg\u00fan la Ley de Talles (27.521), reglamentada el 10 de junio de 2021, la ropa para personas mayores de 12 a\u00f1os debe ser fabricada, confeccionada y comercializada siguiendo el Sistema \u00danico Normalizado de Identificaci\u00f3n de Talles de Indumentaria (SUNITI).<\/p>\n<p>La \u00faltima encuesta sobre talles de la organizaci\u00f3n civil AnyBody Argentina, que se dedica a visibilizar la diversidad corporal y que estuvo entre quienes impulsaron la Ley de Talles, revel\u00f3 que alrededor del 64% de las personas tienen dificultades para encontrar su talle -con frecuencia o siempre- cuando quieren comprar ropa. Esa proporci\u00f3n crece hasta m\u00e1s del 81% de las personas encuestadas cuando la dificultad es ante el talle \u00fanico, una prenda que se ofrece como \u201cuniversal\u201d pero le sirve a dos de cada diez personas.<\/p>\n<p>Los resultados del estudio a cargo del INTI estar\u00edan disponibles aproximadamente en febrero 2022, ya que ese es el plazo que estableci\u00f3 la Ley para realizar el relevamiento. Adem\u00e1s, se dictamin\u00f3 que la Secretar\u00eda de Comercio Interior del Ministerio de Desarrollo Productivo est\u00e1 a cargo de la aplicaci\u00f3n del SUNITI. A su vez, el INTI debe realizar el estudio cada 10 a\u00f1os.<\/p>\n<p>Uno de los aspectos principales del estudio es realizar muestras representativas de la poblaci\u00f3n, teniendo en cuenta sexo o g\u00e9nero, grupo etario y regi\u00f3n, para incluir a los distintos estratos. Rub\u00e9n Geneyro, presidente del INTI, dijo que se busca identificar las medidas actualizadas y reales de la poblaci\u00f3n argentina. Cuando se complete, se establecer\u00e1 la nueva tabla de medidas y todas las provincias tendr\u00e1n que adaptar sus normativas a las determinadas por la Ley de Talles.<\/p>\n<p>El INTI ya relev\u00f3 al 60% de la muestra representativa, porcentaje que corresponde a aproximadamente 7.500 personas. Se us\u00f3 un sistema de escaneo corporal 3D que genera una imagen virtual del cuerpo completo, en 10 o 15 segundos. Para hacerlo, se utiliz\u00f3 una tecnolog\u00eda nueva en el pa\u00eds que tiene 16 c\u00e1maras infrarrojas capaces de hacer hasta 400 mediciones en un solo escaneo.<\/p>\n<p>Una vez terminada esta etapa, se contar\u00e1 con las medidas corporales de aproximadamente 14.000 personas de todo el pa\u00eds.<\/p>\n<p>En los t\u00e9rminos y condiciones se aclara que el estudio es inofensivo para la salud y que se realizar\u00e1 de acuerdo a los protocolos sanitarios correspondientes, cumpliendo con el distanciamiento social. Para poder sanitizar el equipamiento, los turnos entre participantes estar\u00e1n espaciados, y se entregar\u00e1n guantes y barbijos al ingresar.<\/p>\n<p>La participaci\u00f3n en el an\u00e1lisis implica la autorizaci\u00f3n al INTI a usar y almacenar los datos personales y la informaci\u00f3n registrada, con fines cient\u00edficos y de investigaci\u00f3n.<br \/>\n&#8212;&#8212;&#8212;&#8212;&#8212;&#8212;&#8212;&#8212;&#8212;&#8212;&#8212;&#8212;&#8212;&#8212;&#8212;&#8212;&#8211;<br \/>\nElDiarioAR \/ Comunidad Textil<\/p>\n<p>\u2014\u2014\u2014\u2014\u2014\u2014\u2014\u2014\u2014\u2014\u2014\u2014\u2014\u2014\u2014\u2014\u2014\u2014\u2014\u2014\u2014\u2014\u2014\u2014\u2014\u2014\u2014\u2014\u2014\u2014\u2014\u2014\u2014\u2014\u2014\u2014\u2014\u2014\u2014<\/p>\n<p dir=\"ltr\">Para comunicarse con ComunidadTextil: <span style=\"color: #3366ff;\"><a style=\"color: #3366ff;\" href=\"mailto:contacto@comunidadtextil.com\">contacto@comunidadtextil.com<\/a><\/span><\/p>\n<table border=\"0\" width=\"460\">\n<tbody>\n<tr>\n<td width=\"300\"><a href=\"https:\/\/algoselanflandria.com.ar\/\" target=\"_blank\" rel=\"noopener noreferrer\"><img decoding=\"async\" src=\"http:\/\/comunidadtextil.com\/publicidad\/af-2020-300x200px.gif\" alt=\"\" width=\"auto\" height=\"auto\" border=\"0\" \/><\/a><\/td>\n<td width=\"171\"><a href=\"http:\/\/www.tintoreanatur.com\" target=\"_blank\" rel=\"noopener noreferrer\"><img loading=\"lazy\" decoding=\"async\" src=\"\/publicidad\/tintoreanatur-banner-300x200_2021.jpg\" alt=\"\" width=\"301\" height=\"201\" \/><\/a><\/td>\n<\/tr>\n<\/tbody>\n<\/table>\n","protected":false},"excerpt":{"rendered":"<p>A ra\u00edz de la nueva Ley de Talles se abri\u00f3 la convocatoria para el primer estudio federal de medidas corporales. El estudio buscar\u00e1 establecer los par\u00e1metros del \u201ccuerpo argentino\u201d, y los especialistas anticipan que la nueva tabla de talles empujar\u00e1 hacia arriba las medias actuales. El estudio estar\u00e1 a cargo del Instituto Nacional de Tecnolog\u00eda [&hellip;]<\/p>\n","protected":false},"author":1924,"featured_media":0,"comment_status":"closed","ping_status":"closed","sticky":false,"template":"","format":"standard","meta":{"footnotes":""},"categories":[8],"tags":[],"class_list":["post-10628","post","type-post","status-publish","format-standard","hentry","category-argentina","count-0","even alt","author-adminct","last"],"_links":{"self":[{"href":"https:\/\/comunidadtextil.com\/wpnews\/wp-json\/wp\/v2\/posts\/10628","targetHints":{"allow":["GET"]}}],"collection":[{"href":"https:\/\/comunidadtextil.com\/wpnews\/wp-json\/wp\/v2\/posts"}],"about":[{"href":"https:\/\/comunidadtextil.com\/wpnews\/wp-json\/wp\/v2\/types\/post"}],"author":[{"embeddable":true,"href":"https:\/\/comunidadtextil.com\/wpnews\/wp-json\/wp\/v2\/users\/1924"}],"replies":[{"embeddable":true,"href":"https:\/\/comunidadtextil.com\/wpnews\/wp-json\/wp\/v2\/comments?post=10628"}],"version-history":[{"count":1,"href":"https:\/\/comunidadtextil.com\/wpnews\/wp-json\/wp\/v2\/posts\/10628\/revisions"}],"predecessor-version":[{"id":10629,"href":"https:\/\/comunidadtextil.com\/wpnews\/wp-json\/wp\/v2\/posts\/10628\/revisions\/10629"}],"wp:attachment":[{"href":"https:\/\/comunidadtextil.com\/wpnews\/wp-json\/wp\/v2\/media?parent=10628"}],"wp:term":[{"taxonomy":"category","embeddable":true,"href":"https:\/\/comunidadtextil.com\/wpnews\/wp-json\/wp\/v2\/categories?post=10628"},{"taxonomy":"post_tag","embeddable":true,"href":"https:\/\/comunidadtextil.com\/wpnews\/wp-json\/wp\/v2\/tags?post=10628"}],"curies":[{"name":"wp","href":"https:\/\/api.w.org\/{rel}","templated":true}]}}