{"id":10601,"date":"2021-07-08T11:11:17","date_gmt":"2021-07-08T14:11:17","guid":{"rendered":"http:\/\/comunidadtextil.com\/wpnews\/?p=10601"},"modified":"2021-07-08T11:11:17","modified_gmt":"2021-07-08T14:11:17","slug":"la-moda-rapida-es-veneno-para-el-planeta-dijo-la-nueva-titular-de-la-comision-europea","status":"publish","type":"post","link":"https:\/\/comunidadtextil.com\/wpnews\/2021\/07\/la-moda-rapida-es-veneno-para-el-planeta-dijo-la-nueva-titular-de-la-comision-europea\/","title":{"rendered":"\u201cLa moda r\u00e1pida es veneno para el planeta\u201d dijo la nueva titular de la Comisi\u00f3n Europea"},"content":{"rendered":"<div id=\"attachment_10581\" style=\"width: 178px\" class=\"wp-caption alignleft\"><a href=\"https:\/\/comunidadtextil.com\/wpnews\/wp-content\/uploads\/2021\/07\/Ursula-von-der-Leyen-presidenta-de-la-Comision-Europea.--scaled.jpg\"><img loading=\"lazy\" decoding=\"async\" aria-describedby=\"caption-attachment-10581\" class=\" wp-image-10581\" src=\"https:\/\/comunidadtextil.com\/wpnews\/wp-content\/uploads\/2021\/07\/Ursula-von-der-Leyen-presidenta-de-la-Comision-Europea.--219x300.jpg\" alt=\"\" width=\"168\" height=\"230\" srcset=\"https:\/\/comunidadtextil.com\/wpnews\/wp-content\/uploads\/2021\/07\/Ursula-von-der-Leyen-presidenta-de-la-Comision-Europea.--219x300.jpg 219w, https:\/\/comunidadtextil.com\/wpnews\/wp-content\/uploads\/2021\/07\/Ursula-von-der-Leyen-presidenta-de-la-Comision-Europea.--747x1024.jpg 747w, https:\/\/comunidadtextil.com\/wpnews\/wp-content\/uploads\/2021\/07\/Ursula-von-der-Leyen-presidenta-de-la-Comision-Europea.--768x1053.jpg 768w, https:\/\/comunidadtextil.com\/wpnews\/wp-content\/uploads\/2021\/07\/Ursula-von-der-Leyen-presidenta-de-la-Comision-Europea.--1120x1536.jpg 1120w, https:\/\/comunidadtextil.com\/wpnews\/wp-content\/uploads\/2021\/07\/Ursula-von-der-Leyen-presidenta-de-la-Comision-Europea.--1493x2048.jpg 1493w, https:\/\/comunidadtextil.com\/wpnews\/wp-content\/uploads\/2021\/07\/Ursula-von-der-Leyen-presidenta-de-la-Comision-Europea.--109x150.jpg 109w, https:\/\/comunidadtextil.com\/wpnews\/wp-content\/uploads\/2021\/07\/Ursula-von-der-Leyen-presidenta-de-la-Comision-Europea.--scaled.jpg 1866w\" sizes=\"auto, (max-width: 168px) 100vw, 168px\" \/><\/a><p id=\"caption-attachment-10581\" class=\"wp-caption-text\">Ursula von der Leyen, presidenta de la Comisi\u00f3n Europea.<\/p><\/div>\n<p>La presidenta de la Comisi\u00f3n Europea, la alemana Ursula von der Leyen, considera que \u00abla moda r\u00e1pida es veneno para el planeta\u201d y debe ser sustituida por \u00abuna moda lenta circular\u00bb de productos bien dise\u00f1ados que creen menos residuos y duren m\u00e1s. En una conferencia virtual en la Semana de la Moda de Frankfurt, la funcionaria dijo, desde el Parlamento Europeo en Estrasburgo, que es consciente de que queda un largo camino por recorrer a inst\u00f3 a comprar menos, pero mejor.<\/p>\n<p>La conferencia en la Semana de la Moda de Frankfurt forma parte de la iniciativa \u00abLa Nueva Bauhaus Europea\u00bb, que llama a un esfuerzo colectivo por imaginar y construir un futuro sostenible e inclusivo.<\/p>\n<p>La presidenta de la CE ha dado en los \u00faltimos meses algunos discursos sobre La Nueva Bauhaus Europea, que trata de dise\u00f1ar futuras maneras de vivir, y hoy, el primero sobre moda. En ella record\u00f3 el objetivo de que Europa sea el primer continente neutral con el clima en 2050 y que para ello todos sus pa\u00edses han acordado reducir sus emisiones de CO2, al menos, un 55 % hasta el 2030. \u00abSolo podemos llegar ah\u00ed si todos los sectores contribuyen\u00bb, tambi\u00e9n la industria de la moda, a\u00f1adi\u00f3 Von der Leyen.<\/p>\n<p>Destac\u00f3 la moda bonita y sostenible que crea la dise\u00f1adora Natasha von Hirschhausen, quien reduce los desperdicios de telas en el proceso de dise\u00f1o del 20 hasta menos del 1%, as\u00ed como el trabajo de la marca germano italiana \u00abworking title\u00bb y el de Julia Leifert. \u00abTodos ellos crean ropa con un impacto m\u00ednimo en el medioambiente. Esto muestra la manera de proceder para toda la industria\u00bb, seg\u00fan Von der Leyen.<\/p>\n<p>Asimismo, la presidenta de la CE considera que \u00ablos productos sostenibles deben ser asequibles para todos\u00bb y que es necesario convencer a la gente de que, algunas veces, \u00abla soluci\u00f3n es simple: comprar menos, pero mejor\u00bb.<\/p>\n<p>Debido a la pandemia, los organizadores han pospuesto el gran estreno de la Semana de la Moda de Frankfurt en formato presencial hasta enero de 2022.<br \/>\n&#8212;&#8212;&#8212;&#8212;&#8212;&#8212;&#8212;&#8212;&#8212;&#8212;&#8212;&#8212;&#8212;&#8212;&#8212;&#8212;&#8212;&#8211;<br \/>\nFashion Network \/ Comunidad Textil<\/p>\n<p>\u2014\u2014\u2014\u2014\u2014\u2014\u2014\u2014\u2014\u2014\u2014\u2014\u2014\u2014\u2014\u2014\u2014\u2014\u2014\u2014\u2014\u2014\u2014\u2014\u2014\u2014\u2014\u2014\u2014\u2014\u2014\u2014\u2014\u2014\u2014\u2014\u2014\u2014\u2014<\/p>\n<p dir=\"ltr\">Para comunicarse con ComunidadTextil: <span style=\"color: #3366ff;\"><a style=\"color: #3366ff;\" href=\"mailto:contacto@comunidadtextil.com\">contacto@comunidadtextil.com<\/a><\/span><\/p>\n<table border=\"0\" width=\"460\">\n<tbody>\n<tr>\n<td width=\"300\"><a href=\"https:\/\/algoselanflandria.com.ar\/\" target=\"_blank\" rel=\"noopener noreferrer\"><img loading=\"lazy\" decoding=\"async\" src=\"http:\/\/comunidadtextil.com\/publicidad\/af-2020-300x200px.gif\" alt=\"\" width=\"300\" height=\"200\" border=\"0\" \/><\/a><\/td>\n<td width=\"171\"><a href=\"http:\/\/bit.ly\/2qWIP7i\" target=\"_blank\" rel=\"noopener noreferrer\"><img loading=\"lazy\" decoding=\"async\" src=\"\/publicidad\/banner-ciai.gif\" alt=\"\" width=\"300\" height=\"153\" border=\"0\" \/><\/a><\/td>\n<\/tr>\n<\/tbody>\n<\/table>\n","protected":false},"excerpt":{"rendered":"<p>La presidenta de la Comisi\u00f3n Europea, la alemana Ursula von der Leyen, considera que \u00abla moda r\u00e1pida es veneno para el planeta\u201d y debe ser sustituida por \u00abuna moda lenta circular\u00bb de productos bien dise\u00f1ados que creen menos residuos y duren m\u00e1s. En una conferencia virtual en la Semana de la Moda de Frankfurt, la [&hellip;]<\/p>\n","protected":false},"author":1924,"featured_media":0,"comment_status":"closed","ping_status":"closed","sticky":false,"template":"","format":"standard","meta":{"footnotes":""},"categories":[56,62],"tags":[],"class_list":["post-10601","post","type-post","status-publish","format-standard","hentry","category-medio-ambiente","category-noticias-de-europa","count-0","even alt","author-adminct","last"],"_links":{"self":[{"href":"https:\/\/comunidadtextil.com\/wpnews\/wp-json\/wp\/v2\/posts\/10601","targetHints":{"allow":["GET"]}}],"collection":[{"href":"https:\/\/comunidadtextil.com\/wpnews\/wp-json\/wp\/v2\/posts"}],"about":[{"href":"https:\/\/comunidadtextil.com\/wpnews\/wp-json\/wp\/v2\/types\/post"}],"author":[{"embeddable":true,"href":"https:\/\/comunidadtextil.com\/wpnews\/wp-json\/wp\/v2\/users\/1924"}],"replies":[{"embeddable":true,"href":"https:\/\/comunidadtextil.com\/wpnews\/wp-json\/wp\/v2\/comments?post=10601"}],"version-history":[{"count":1,"href":"https:\/\/comunidadtextil.com\/wpnews\/wp-json\/wp\/v2\/posts\/10601\/revisions"}],"predecessor-version":[{"id":10602,"href":"https:\/\/comunidadtextil.com\/wpnews\/wp-json\/wp\/v2\/posts\/10601\/revisions\/10602"}],"wp:attachment":[{"href":"https:\/\/comunidadtextil.com\/wpnews\/wp-json\/wp\/v2\/media?parent=10601"}],"wp:term":[{"taxonomy":"category","embeddable":true,"href":"https:\/\/comunidadtextil.com\/wpnews\/wp-json\/wp\/v2\/categories?post=10601"},{"taxonomy":"post_tag","embeddable":true,"href":"https:\/\/comunidadtextil.com\/wpnews\/wp-json\/wp\/v2\/tags?post=10601"}],"curies":[{"name":"wp","href":"https:\/\/api.w.org\/{rel}","templated":true}]}}