{"id":10489,"date":"2021-06-17T12:36:22","date_gmt":"2021-06-17T15:36:22","guid":{"rendered":"http:\/\/comunidadtextil.com\/wpnews\/?p=10489"},"modified":"2021-06-17T12:36:22","modified_gmt":"2021-06-17T15:36:22","slug":"el-sector-textil-espanol-redujo-en-2020-sus-exportaciones-y-tambien-las-importaciones","status":"publish","type":"post","link":"https:\/\/comunidadtextil.com\/wpnews\/2021\/06\/el-sector-textil-espanol-redujo-en-2020-sus-exportaciones-y-tambien-las-importaciones\/","title":{"rendered":"El sector textil espa\u00f1ol redujo en 2020 sus exportaciones y tambi\u00e9n las importaciones"},"content":{"rendered":"<p><a href=\"https:\/\/comunidadtextil.com\/wpnews\/wp-content\/uploads\/2021\/06\/Industria-de-confecciones_12.jpg\"><img loading=\"lazy\" decoding=\"async\" class=\" wp-image-10476 alignleft\" src=\"https:\/\/comunidadtextil.com\/wpnews\/wp-content\/uploads\/2021\/06\/Industria-de-confecciones_12-300x151.jpg\" alt=\"\" width=\"244\" height=\"125\" \/><\/a>La balanza comercial de la industria textil espa\u00f1ola cerr\u00f3 2020 con saldo negativo, siguiendo la t\u00f3nica de lo ocurrido en todo el mundo, si bien, cay\u00f3 por la pandemia un preocupante 28% respecto al a\u00f1o anterior.<\/p>\n<p>Seg\u00fan los datos del informe \u201cEl comercio textil en cifras\u201d presentado por la entidad empresaria del comercio textil Acotex, si en 2019 la balanza comercial fue de \u20ac 4.759 millones en negativo (con m\u00e1s importaciones que exportaciones), en el \u00faltimo a\u00f1o se situ\u00f3 en \u20ac 6.134 millones.<\/p>\n<p>Las exportaciones de la industria textil en Espa\u00f1a disminuyeron un 19,1% en 2020 respecto al ejercicio anterior y se situaron en \u20ac 13.804 millones (\u20ac 10.153 millones pertenecientes a la categor\u00eda de vestuario y \u20ac 3.651 millones, al textil en general).<\/p>\n<p>Los pa\u00edses a los que m\u00e1s export\u00f3 el sector textil espa\u00f1ol fueron Francia (14,1%), Italia (9,8%), Portugal (8,5%), Alemania (6,9%), Polonia (6,6%), Marruecos (6,4%), Reino Unido (5,8%) y Estados Unidos, China y Pa\u00edses Bajos; estos tres \u00faltimos, con cifras inferiores al 3%.<\/p>\n<div id=\"attachment_10483\" style=\"width: 256px\" class=\"wp-caption alignright\"><a href=\"https:\/\/comunidadtextil.com\/wpnews\/wp-content\/uploads\/2021\/06\/Industria-de-confecciones_2a.jpg\"><img loading=\"lazy\" decoding=\"async\" aria-describedby=\"caption-attachment-10483\" class=\" wp-image-10483\" src=\"https:\/\/comunidadtextil.com\/wpnews\/wp-content\/uploads\/2021\/06\/Industria-de-confecciones_2a-300x199.jpg\" alt=\"\" width=\"246\" height=\"163\" srcset=\"https:\/\/comunidadtextil.com\/wpnews\/wp-content\/uploads\/2021\/06\/Industria-de-confecciones_2a-300x199.jpg 300w, https:\/\/comunidadtextil.com\/wpnews\/wp-content\/uploads\/2021\/06\/Industria-de-confecciones_2a-1024x678.jpg 1024w, https:\/\/comunidadtextil.com\/wpnews\/wp-content\/uploads\/2021\/06\/Industria-de-confecciones_2a-768x509.jpg 768w, https:\/\/comunidadtextil.com\/wpnews\/wp-content\/uploads\/2021\/06\/Industria-de-confecciones_2a-150x99.jpg 150w, https:\/\/comunidadtextil.com\/wpnews\/wp-content\/uploads\/2021\/06\/Industria-de-confecciones_2a.jpg 1200w\" sizes=\"auto, (max-width: 246px) 100vw, 246px\" \/><\/a><p id=\"caption-attachment-10483\" class=\"wp-caption-text\">Industria de confecciones.<\/p><\/div>\n<p>En la otra cara de la moneda, las importaciones del sector textil, que aunque superaron en volumen total a las exportaciones, tambi\u00e9n cayeron en comparaci\u00f3n con 2019. As\u00ed, en 2020 la cifra total se situ\u00f3 en \u20ac 19.937 millones, frente a los \u20ac 21.823 millones del ejercicio previo.<\/p>\n<p>Por pa\u00edses, China (27,3%), Bangladesh (12,4%), Turqu\u00eda (11,6%), Marruecos (7,1%) e Italia (5,8%) fueron los principales proveedores del textil espa\u00f1ol, seguidos por Portugal, Paquist\u00e1n, India, Francia y Camboya, todos con porcentajes iguales o inferiores al 4% del total.<\/p>\n<p>En su bar\u00f3metro anual, adem\u00e1s de estos datos, Acotex puso cifras al impacto de la pandemia en el comercio textil: seg\u00fan sus c\u00e1lculos, la ca\u00edda de las ventas de moda en Espa\u00f1a en 2020 se traduce en \u20ac 7.400 millones.<br \/>\n&#8212;&#8212;&#8212;&#8212;&#8212;&#8212;&#8212;&#8212;&#8212;&#8212;&#8212;&#8212;&#8212;&#8212;&#8212;&#8212;&#8212;&#8212;-<br \/>\nFashion Network \/ Comunidad Textil<\/p>\n<p>\u2014\u2014\u2014\u2014\u2014\u2014\u2014\u2014\u2014\u2014\u2014\u2014\u2014\u2014\u2014\u2014\u2014\u2014\u2014\u2014\u2014\u2014\u2014\u2014\u2014\u2014\u2014\u2014\u2014\u2014\u2014\u2014\u2014\u2014\u2014\u2014\u2014\u2014\u2014<\/p>\n<p dir=\"ltr\">Para comunicarse con ComunidadTextil: <span style=\"color: #3366ff;\"><a style=\"color: #3366ff;\" href=\"mailto:contacto@comunidadtextil.com\">contacto@comunidadtextil.com<\/a><\/span><\/p>\n<table border=\"0\" width=\"460\">\n<tbody>\n<tr>\n<td width=\"300\"><a href=\"https:\/\/www.thermore.com\/click_counter.php?\/campagna=577\" target=\"_blank\" rel=\"noopener noreferrer\"><img loading=\"lazy\" decoding=\"async\" src=\"\/publicidad\/thermore2021b.jpg\" alt=\"\" width=\"300\" height=\"200\" border=\"0\" \/><\/a><\/td>\n<td width=\"171\"><a href=\"http:\/\/www.tintoreanatur.com\" target=\"_blank\" rel=\"noopener noreferrer\"><img loading=\"lazy\" decoding=\"async\" src=\"\/publicidad\/tintoreanatur-banner-300x200_2021.jpg\" alt=\"\" width=\"301\" height=\"201\" \/><\/a><\/td>\n<\/tr>\n<\/tbody>\n<\/table>\n","protected":false},"excerpt":{"rendered":"<p>La balanza comercial de la industria textil espa\u00f1ola cerr\u00f3 2020 con saldo negativo, siguiendo la t\u00f3nica de lo ocurrido en todo el mundo, si bien, cay\u00f3 por la pandemia un preocupante 28% respecto al a\u00f1o anterior. Seg\u00fan los datos del informe \u201cEl comercio textil en cifras\u201d presentado por la entidad empresaria del comercio textil Acotex, [&hellip;]<\/p>\n","protected":false},"author":1924,"featured_media":0,"comment_status":"closed","ping_status":"closed","sticky":false,"template":"","format":"standard","meta":{"footnotes":""},"categories":[57,62],"tags":[],"class_list":["post-10489","post","type-post","status-publish","format-standard","hentry","category-mercados","category-noticias-de-europa","count-0","even alt","author-adminct","last"],"_links":{"self":[{"href":"https:\/\/comunidadtextil.com\/wpnews\/wp-json\/wp\/v2\/posts\/10489","targetHints":{"allow":["GET"]}}],"collection":[{"href":"https:\/\/comunidadtextil.com\/wpnews\/wp-json\/wp\/v2\/posts"}],"about":[{"href":"https:\/\/comunidadtextil.com\/wpnews\/wp-json\/wp\/v2\/types\/post"}],"author":[{"embeddable":true,"href":"https:\/\/comunidadtextil.com\/wpnews\/wp-json\/wp\/v2\/users\/1924"}],"replies":[{"embeddable":true,"href":"https:\/\/comunidadtextil.com\/wpnews\/wp-json\/wp\/v2\/comments?post=10489"}],"version-history":[{"count":1,"href":"https:\/\/comunidadtextil.com\/wpnews\/wp-json\/wp\/v2\/posts\/10489\/revisions"}],"predecessor-version":[{"id":10490,"href":"https:\/\/comunidadtextil.com\/wpnews\/wp-json\/wp\/v2\/posts\/10489\/revisions\/10490"}],"wp:attachment":[{"href":"https:\/\/comunidadtextil.com\/wpnews\/wp-json\/wp\/v2\/media?parent=10489"}],"wp:term":[{"taxonomy":"category","embeddable":true,"href":"https:\/\/comunidadtextil.com\/wpnews\/wp-json\/wp\/v2\/categories?post=10489"},{"taxonomy":"post_tag","embeddable":true,"href":"https:\/\/comunidadtextil.com\/wpnews\/wp-json\/wp\/v2\/tags?post=10489"}],"curies":[{"name":"wp","href":"https:\/\/api.w.org\/{rel}","templated":true}]}}