{"id":10440,"date":"2021-06-10T11:05:39","date_gmt":"2021-06-10T14:05:39","guid":{"rendered":"http:\/\/comunidadtextil.com\/wpnews\/?p=10440"},"modified":"2021-06-10T11:05:39","modified_gmt":"2021-06-10T14:05:39","slug":"argentina-busca-financiar-a-bajo-costo-la-transformacion-digital-de-80-000-pymes","status":"publish","type":"post","link":"https:\/\/comunidadtextil.com\/wpnews\/2021\/06\/argentina-busca-financiar-a-bajo-costo-la-transformacion-digital-de-80-000-pymes\/","title":{"rendered":"Argentina busca financiar a bajo costo la transformaci\u00f3n digital de 80.000 PYMES"},"content":{"rendered":"<p><a href=\"https:\/\/comunidadtextil.com\/wpnews\/wp-content\/uploads\/2021\/06\/Logo-.png\"><img loading=\"lazy\" decoding=\"async\" class=\"alignright  wp-image-10427\" src=\"https:\/\/comunidadtextil.com\/wpnews\/wp-content\/uploads\/2021\/06\/Logo--300x110.png\" alt=\"\" width=\"248\" height=\"94\" \/><\/a>En el marco del Plan de Desarrollo Productivo Argentina 4.0 el gobierno argentino present\u00f3 una nueva l\u00ednea de financiamiento con tasa subsidiada para impulsar la transformaci\u00f3n digital de 80.000 PyMEs. Los cr\u00e9ditos abarcan inversiones en digitalizaci\u00f3n, el nuevo cat\u00e1logo de soluciones tecnol\u00f3gicas y la herramienta de autodiagn\u00f3stico de madurez digital, entre otras pol\u00edticas vigentes.<\/p>\n<p>El Ministerio de Desarrollo Productivo convoc\u00f3 a las c\u00e1maras y empresas de la Red de Asistencia Digital para PyMEs, en el marco del Plan de Desarrollo Productivo Argentina 4.0, para presentar la nueva l\u00ednea de financiamiento.<\/p>\n<p><a href=\"https:\/\/comunidadtextil.com\/wpnews\/wp-content\/uploads\/2021\/06\/1._.jpg\"><img loading=\"lazy\" decoding=\"async\" class=\" wp-image-10426 alignleft\" src=\"https:\/\/comunidadtextil.com\/wpnews\/wp-content\/uploads\/2021\/06\/1._.jpg\" alt=\"\" width=\"248\" height=\"141\" \/><\/a>En este sentido Guillermo Merediz, secretario de la Peque\u00f1a y Mediana Empresa y los Emprendedores, se\u00f1al\u00f3 que \u201cla industria 4.0 permite otras maneras de vender, de conocer quienes compran los productos, de conocer los mercados. Y tambi\u00e9n permite organizar distinto al interior del proceso productivo, de ver c\u00f3mo se relacionan con sus proveedores. El desaf\u00edo de la pol\u00edtica p\u00fablica es fortalecer la agenda de la digitalizaci\u00f3n de los procesos productivos en articulaci\u00f3n con todas las instituciones intermedias, con las c\u00e1maras empresarias, con las universidades, con las agencias de desarrollo\u201d.<\/p>\n<p>Durante el encuentro se difundieron los detalles de la l\u00ednea de cr\u00e9ditos que el Ministerio de Desarrollo Productivo puso en marcha junto al Banco Naci\u00f3n por un monto total del equivalente a US$ 10 millones, para promover la digitalizaci\u00f3n de las PyMEs. A trav\u00e9s de esta l\u00ednea, se pueden solicitar cr\u00e9ditos de hasta US$300.000 con una tasa fija y bonificada por el Fondo Nacional de Desarrollo Productivo. El plazo de devoluci\u00f3n es de 48 a 60 meses, con 6 meses de gracia sobre el capital.<\/p>\n<div id=\"attachment_10428\" style=\"width: 182px\" class=\"wp-caption alignright\"><a href=\"https:\/\/comunidadtextil.com\/wpnews\/wp-content\/uploads\/2021\/06\/Matias-Kulfas-ministro-de-Desarrollo-Productivo-de-Argentina-reslizo-el-lanzamiento-formal-del-plan-de-Desarrollo-Industrial-4.0-_3-.jpg\"><img loading=\"lazy\" decoding=\"async\" aria-describedby=\"caption-attachment-10428\" class=\" wp-image-10428\" src=\"https:\/\/comunidadtextil.com\/wpnews\/wp-content\/uploads\/2021\/06\/Matias-Kulfas-ministro-de-Desarrollo-Productivo-de-Argentina-reslizo-el-lanzamiento-formal-del-plan-de-Desarrollo-Industrial-4.0-_3--260x300.jpg\" alt=\"\" width=\"172\" height=\"198\" srcset=\"https:\/\/comunidadtextil.com\/wpnews\/wp-content\/uploads\/2021\/06\/Matias-Kulfas-ministro-de-Desarrollo-Productivo-de-Argentina-reslizo-el-lanzamiento-formal-del-plan-de-Desarrollo-Industrial-4.0-_3--260x300.jpg 260w, https:\/\/comunidadtextil.com\/wpnews\/wp-content\/uploads\/2021\/06\/Matias-Kulfas-ministro-de-Desarrollo-Productivo-de-Argentina-reslizo-el-lanzamiento-formal-del-plan-de-Desarrollo-Industrial-4.0-_3--130x150.jpg 130w, https:\/\/comunidadtextil.com\/wpnews\/wp-content\/uploads\/2021\/06\/Matias-Kulfas-ministro-de-Desarrollo-Productivo-de-Argentina-reslizo-el-lanzamiento-formal-del-plan-de-Desarrollo-Industrial-4.0-_3-.jpg 512w\" sizes=\"auto, (max-width: 172px) 100vw, 172px\" \/><\/a><p id=\"caption-attachment-10428\" class=\"wp-caption-text\">Mat\u00edas Kulfas, ministro de Desarrollo Productivo de Argentina, resliz\u00f3 el lanzamiento formal del plan de Desarrollo Industrial 4.0<\/p><\/div>\n<p>Estos pr\u00e9stamos se deber\u00e1n destinar a la compra de equipamiento 4.0 y\/o licencias de software que le permitan a las peque\u00f1as y medianas empresas dar un salto productivo a trav\u00e9s de soluciones vinculadas a la transformaci\u00f3n digital, como la automatizaci\u00f3n de procesos productivos, el control de la producci\u00f3n o sistemas de monitoreo remoto o aspectos vinculados a la comercializaci\u00f3n online. La l\u00ednea forma parte de las 56 medidas del Plan de Desarrollo Productivo Argentina 4.0 para promover la incorporaci\u00f3n de tecnolog\u00edas al entramado productivo.<\/p>\n<p>Asimismo, se anunci\u00f3 que se realizar\u00e1n Talleres de Oferta Digital (TOD) en las cadenas de valor entre las que est\u00e1n las textil, confeccionista, cuero, calzado y marroquiner\u00eda, entre otras.<br \/>\n&#8212;&#8212;&#8212;&#8212;&#8212;&#8212;&#8212;&#8212;&#8212;&#8212;&#8212;&#8212;&#8212;&#8211;<br \/>\nTelam \/ Comunidad Textil<\/p>\n<p>\u2014\u2014\u2014\u2014\u2014\u2014\u2014\u2014\u2014\u2014\u2014\u2014\u2014\u2014\u2014\u2014\u2014\u2014\u2014\u2014\u2014\u2014\u2014\u2014\u2014\u2014\u2014\u2014\u2014\u2014\u2014\u2014\u2014\u2014\u2014\u2014\u2014\u2014\u2014<\/p>\n<p dir=\"ltr\">Para comunicarse con ComunidadTextil: <span style=\"color: #3366ff;\"><a style=\"color: #3366ff;\" href=\"mailto:contacto@comunidadtextil.com\">contacto@comunidadtextil.com<\/a><\/span><\/p>\n<table border=\"0\" width=\"460\">\n<tbody>\n<tr>\n<td width=\"300\"><a href=\"http:\/\/bit.ly\/2qWIP7i\" target=\"_blank\" rel=\"noopener noreferrer\"><img loading=\"lazy\" decoding=\"async\" src=\"\/publicidad\/banner-ciai.gif\" alt=\"\" width=\"300\" height=\"153\" border=\"0\" \/><\/a><\/td>\n<td width=\"171\"><a href=\"http:\/\/www.actibiz.com.ar\" target=\"_blank\" rel=\"noopener noreferrer\"><img loading=\"lazy\" decoding=\"async\" src=\"\/publicidad\/actibiz2019.jpg\" alt=\"\" width=\"300\" height=\"200\" border=\"0\" \/><\/a><\/td>\n<\/tr>\n<\/tbody>\n<\/table>\n","protected":false},"excerpt":{"rendered":"<p>En el marco del Plan de Desarrollo Productivo Argentina 4.0 el gobierno argentino present\u00f3 una nueva l\u00ednea de financiamiento con tasa subsidiada para impulsar la transformaci\u00f3n digital de 80.000 PyMEs. Los cr\u00e9ditos abarcan inversiones en digitalizaci\u00f3n, el nuevo cat\u00e1logo de soluciones tecnol\u00f3gicas y la herramienta de autodiagn\u00f3stico de madurez digital, entre otras pol\u00edticas vigentes. El [&hellip;]<\/p>\n","protected":false},"author":1924,"featured_media":0,"comment_status":"closed","ping_status":"closed","sticky":false,"template":"","format":"standard","meta":{"footnotes":""},"categories":[8,64],"tags":[],"class_list":["post-10440","post","type-post","status-publish","format-standard","hentry","category-argentina","category-desarrollos","count-0","even alt","author-adminct","last"],"_links":{"self":[{"href":"https:\/\/comunidadtextil.com\/wpnews\/wp-json\/wp\/v2\/posts\/10440","targetHints":{"allow":["GET"]}}],"collection":[{"href":"https:\/\/comunidadtextil.com\/wpnews\/wp-json\/wp\/v2\/posts"}],"about":[{"href":"https:\/\/comunidadtextil.com\/wpnews\/wp-json\/wp\/v2\/types\/post"}],"author":[{"embeddable":true,"href":"https:\/\/comunidadtextil.com\/wpnews\/wp-json\/wp\/v2\/users\/1924"}],"replies":[{"embeddable":true,"href":"https:\/\/comunidadtextil.com\/wpnews\/wp-json\/wp\/v2\/comments?post=10440"}],"version-history":[{"count":1,"href":"https:\/\/comunidadtextil.com\/wpnews\/wp-json\/wp\/v2\/posts\/10440\/revisions"}],"predecessor-version":[{"id":10441,"href":"https:\/\/comunidadtextil.com\/wpnews\/wp-json\/wp\/v2\/posts\/10440\/revisions\/10441"}],"wp:attachment":[{"href":"https:\/\/comunidadtextil.com\/wpnews\/wp-json\/wp\/v2\/media?parent=10440"}],"wp:term":[{"taxonomy":"category","embeddable":true,"href":"https:\/\/comunidadtextil.com\/wpnews\/wp-json\/wp\/v2\/categories?post=10440"},{"taxonomy":"post_tag","embeddable":true,"href":"https:\/\/comunidadtextil.com\/wpnews\/wp-json\/wp\/v2\/tags?post=10440"}],"curies":[{"name":"wp","href":"https:\/\/api.w.org\/{rel}","templated":true}]}}