{"id":10360,"date":"2021-05-27T11:08:23","date_gmt":"2021-05-27T14:08:23","guid":{"rendered":"http:\/\/comunidadtextil.com\/wpnews\/?p=10360"},"modified":"2021-05-27T11:08:23","modified_gmt":"2021-05-27T14:08:23","slug":"dentro-de-su-plan-de-cierre-de-1-200-tiendas-inditex-ya-sale-del-mercado-venezolano","status":"publish","type":"post","link":"https:\/\/comunidadtextil.com\/wpnews\/2021\/05\/dentro-de-su-plan-de-cierre-de-1-200-tiendas-inditex-ya-sale-del-mercado-venezolano\/","title":{"rendered":"Dentro de su plan de cierre de 1.200 tiendas Inditex ya sale del mercado venezolano"},"content":{"rendered":"<div id=\"attachment_10347\" style=\"width: 258px\" class=\"wp-caption alignright\"><a href=\"https:\/\/comunidadtextil.com\/wpnews\/wp-content\/uploads\/2021\/05\/Las-tiendas-de-Zara-ya-fueron-cerradas..jpg\"><img loading=\"lazy\" decoding=\"async\" aria-describedby=\"caption-attachment-10347\" class=\" wp-image-10347\" src=\"https:\/\/comunidadtextil.com\/wpnews\/wp-content\/uploads\/2021\/05\/Las-tiendas-de-Zara-ya-fueron-cerradas.-300x200.jpg\" alt=\"\" width=\"248\" height=\"165\" srcset=\"https:\/\/comunidadtextil.com\/wpnews\/wp-content\/uploads\/2021\/05\/Las-tiendas-de-Zara-ya-fueron-cerradas.-300x200.jpg 300w, https:\/\/comunidadtextil.com\/wpnews\/wp-content\/uploads\/2021\/05\/Las-tiendas-de-Zara-ya-fueron-cerradas.-768x512.jpg 768w, https:\/\/comunidadtextil.com\/wpnews\/wp-content\/uploads\/2021\/05\/Las-tiendas-de-Zara-ya-fueron-cerradas.-150x100.jpg 150w, https:\/\/comunidadtextil.com\/wpnews\/wp-content\/uploads\/2021\/05\/Las-tiendas-de-Zara-ya-fueron-cerradas..jpg 800w\" sizes=\"auto, (max-width: 248px) 100vw, 248px\" \/><\/a><p id=\"caption-attachment-10347\" class=\"wp-caption-text\">Las tiendas de Zara ya fueron cerradas.<\/p><\/div>\n<p>El grupo Inditex, due\u00f1o marcas como Zara, Bershka y Pull &amp; Bear y otras, en las pr\u00f3ximas semanas cerrar\u00e1 todas sus tiendas en Venezuela, tras la revisi\u00f3n del acuerdo con su socio local, Phoenix World Trade. Siguiendo su plan post pandemia, la compa\u00f1\u00eda gallega avanza con su anunciada la eliminaci\u00f3n de 1.200 tiendas en todo el mundo, de las cuales 100 est\u00e1n en Am\u00e9rica.<\/p>\n<p>Inditex, el mayor grupo minorista de ropa del mundo, est\u00e1 reduciendo los puntos de venta m\u00e1s peque\u00f1os en todo el mundo en favor de la expansi\u00f3n de las tiendas insignia y prev\u00e9 1.200 cierres hasta finales de 2021. La mayor parte de esos cierres est\u00e1n centrados en Europa, donde eliminar\u00e1n unas 700 tiendas, a las que se sumar\u00e1n 100 en Am\u00e9rica y otras 400 en los otros continentes.<\/p>\n<div id=\"attachment_10346\" style=\"width: 255px\" class=\"wp-caption alignleft\"><a href=\"https:\/\/comunidadtextil.com\/wpnews\/wp-content\/uploads\/2021\/05\/Las-tiendas-de-Inditex-seran-sustituidas-por-Lola-Anakena-y-PushCo-las-cuales-ya-tienen-los-nombres-a-las-afueras-de-los-espacios.-.jpg\"><img loading=\"lazy\" decoding=\"async\" aria-describedby=\"caption-attachment-10346\" class=\" wp-image-10346\" src=\"https:\/\/comunidadtextil.com\/wpnews\/wp-content\/uploads\/2021\/05\/Las-tiendas-de-Inditex-seran-sustituidas-por-Lola-Anakena-y-PushCo-las-cuales-ya-tienen-los-nombres-a-las-afueras-de-los-espacios.--300x169.jpg\" alt=\"\" width=\"245\" height=\"138\" srcset=\"https:\/\/comunidadtextil.com\/wpnews\/wp-content\/uploads\/2021\/05\/Las-tiendas-de-Inditex-seran-sustituidas-por-Lola-Anakena-y-PushCo-las-cuales-ya-tienen-los-nombres-a-las-afueras-de-los-espacios.--300x169.jpg 300w, https:\/\/comunidadtextil.com\/wpnews\/wp-content\/uploads\/2021\/05\/Las-tiendas-de-Inditex-seran-sustituidas-por-Lola-Anakena-y-PushCo-las-cuales-ya-tienen-los-nombres-a-las-afueras-de-los-espacios.--768x432.jpg 768w, https:\/\/comunidadtextil.com\/wpnews\/wp-content\/uploads\/2021\/05\/Las-tiendas-de-Inditex-seran-sustituidas-por-Lola-Anakena-y-PushCo-las-cuales-ya-tienen-los-nombres-a-las-afueras-de-los-espacios.--150x84.jpg 150w, https:\/\/comunidadtextil.com\/wpnews\/wp-content\/uploads\/2021\/05\/Las-tiendas-de-Inditex-seran-sustituidas-por-Lola-Anakena-y-PushCo-las-cuales-ya-tienen-los-nombres-a-las-afueras-de-los-espacios.-.jpg 1000w\" sizes=\"auto, (max-width: 245px) 100vw, 245px\" \/><\/a><p id=\"caption-attachment-10346\" class=\"wp-caption-text\">Las tiendas de Inditex ser\u00e1n sustituidas por Lola, Anakena y Push&amp;Co, las cuales ya tienen los nombres a las afueras de los espacios.<\/p><\/div>\n<p>Ahora les toca a las tiendas que tiene en Venezuela, franquiciadas a Phoenix World Trade, una empresa controlada por el empresario Camilo Ibrahim y con sede en Panam\u00e1. Hasta hace poco la multinacional contaba con 19 tiendas en todo Venezuela: siete de Zara, ocho de Bershka y cuatro de Pull&amp;Bear, que fueron cerrando. Los espacios que ocupaban Zara y Pull &amp; Bear en tres grandes centros comerciales venezolanos, han cerrado durante el mes de mayo.<\/p>\n<p>Ibrahim se convirti\u00f3 en socio local de Inditex en 2007 para ayudar a hacer frente a las cambiantes normativas locales y mantener las estanter\u00edas llenas mientras el Gobierno del ex presidente Hugo Ch\u00e1vez ejerc\u00eda control sobre el mercado de divisas, y las empresas necesitaban la aprobaci\u00f3n del Gobierno para comprar los d\u00f3lares necesarios para importar ropa.<\/p>\n<p>Ahora los empresarios venezolanos pueden importar productos y venderlos a precios en divisas fuertes, lo que supone una soluci\u00f3n. Las tiendas de lujo conocidas como \u00abbodegones\u00bb y las cafeter\u00edas que anuncian los precios en d\u00f3lares florecen como parte de esta liberalizaci\u00f3n econ\u00f3mica.<\/p>\n<p>Las paredes blancas de la entrada de una tienda de Zara, cerrada en Caracas, anuncian ahora la pr\u00f3xima apertura de una tienda llamada Lola, una marca desconocida en el pa\u00eds. Seg\u00fan fuentes locales, el grupo de Ibrahim reabrir\u00e1 las tiendas sin un acuerdo comercial con Inditex.<br \/>\n&#8212;&#8212;&#8212;&#8212;&#8212;&#8212;&#8212;&#8212;&#8212;&#8212;&#8212;&#8212;&#8212;&#8212;&#8212;&#8212;&#8212;&#8211;<br \/>\nFashion Network \/ Comunidad Textil<\/p>\n<p>\u2014\u2014\u2014\u2014\u2014\u2014\u2014\u2014\u2014\u2014\u2014\u2014\u2014\u2014\u2014\u2014\u2014\u2014\u2014\u2014\u2014\u2014\u2014\u2014\u2014\u2014\u2014\u2014\u2014\u2014\u2014\u2014\u2014\u2014\u2014\u2014\u2014\u2014\u2014<\/p>\n<p dir=\"ltr\">Para comunicarse con ComunidadTextil: <span style=\"color: #3366ff;\"><a style=\"color: #3366ff;\" href=\"mailto:contacto@comunidadtextil.com\">contacto@comunidadtextil.com<\/a><\/span><\/p>\n<table border=\"0\" width=\"460\">\n<tbody>\n<tr>\n<td width=\"300\"><a href=\"http:\/\/www.actibiz.com.ar\" target=\"_blank\" rel=\"noopener noreferrer\"><img loading=\"lazy\" decoding=\"async\" src=\"\/publicidad\/actibiz2019.jpg\" alt=\"\" width=\"300\" height=\"200\" border=\"0\" \/><\/a><\/td>\n<td width=\"171\"><a href=\"https:\/\/epson.com.ar\/search\/?text=SURECOLOR&amp;keyword=SURECOLOR\" target=\"_blank\" rel=\"noopener noreferrer\"><img loading=\"lazy\" decoding=\"async\" src=\"\/publicidad\/epson\/epson112020_300x200px.jpg\" alt=\"\" width=\"300\" height=\"200\" border=\"0\" \/><\/a><\/td>\n<\/tr>\n<\/tbody>\n<\/table>\n","protected":false},"excerpt":{"rendered":"<p>El grupo Inditex, due\u00f1o marcas como Zara, Bershka y Pull &amp; Bear y otras, en las pr\u00f3ximas semanas cerrar\u00e1 todas sus tiendas en Venezuela, tras la revisi\u00f3n del acuerdo con su socio local, Phoenix World Trade. Siguiendo su plan post pandemia, la compa\u00f1\u00eda gallega avanza con su anunciada la eliminaci\u00f3n de 1.200 tiendas en todo [&hellip;]<\/p>\n","protected":false},"author":1924,"featured_media":0,"comment_status":"closed","ping_status":"closed","sticky":false,"template":"","format":"standard","meta":{"footnotes":""},"categories":[70,57,58],"tags":[],"class_list":["post-10360","post","type-post","status-publish","format-standard","hentry","category-crisis","category-mercados","category-noticias-de-america-latina","count-0","even alt","author-adminct","last"],"_links":{"self":[{"href":"https:\/\/comunidadtextil.com\/wpnews\/wp-json\/wp\/v2\/posts\/10360","targetHints":{"allow":["GET"]}}],"collection":[{"href":"https:\/\/comunidadtextil.com\/wpnews\/wp-json\/wp\/v2\/posts"}],"about":[{"href":"https:\/\/comunidadtextil.com\/wpnews\/wp-json\/wp\/v2\/types\/post"}],"author":[{"embeddable":true,"href":"https:\/\/comunidadtextil.com\/wpnews\/wp-json\/wp\/v2\/users\/1924"}],"replies":[{"embeddable":true,"href":"https:\/\/comunidadtextil.com\/wpnews\/wp-json\/wp\/v2\/comments?post=10360"}],"version-history":[{"count":1,"href":"https:\/\/comunidadtextil.com\/wpnews\/wp-json\/wp\/v2\/posts\/10360\/revisions"}],"predecessor-version":[{"id":10361,"href":"https:\/\/comunidadtextil.com\/wpnews\/wp-json\/wp\/v2\/posts\/10360\/revisions\/10361"}],"wp:attachment":[{"href":"https:\/\/comunidadtextil.com\/wpnews\/wp-json\/wp\/v2\/media?parent=10360"}],"wp:term":[{"taxonomy":"category","embeddable":true,"href":"https:\/\/comunidadtextil.com\/wpnews\/wp-json\/wp\/v2\/categories?post=10360"},{"taxonomy":"post_tag","embeddable":true,"href":"https:\/\/comunidadtextil.com\/wpnews\/wp-json\/wp\/v2\/tags?post=10360"}],"curies":[{"name":"wp","href":"https:\/\/api.w.org\/{rel}","templated":true}]}}